{"id":40413,"date":"2024-06-22T10:43:00","date_gmt":"2024-06-22T13:43:00","guid":{"rendered":"http:\/\/jornaldeitaipava.com.br\/?p=40413"},"modified":"2024-06-20T10:44:54","modified_gmt":"2024-06-20T13:44:54","slug":"lancamento-do-videocast-cidade-de-pedro-no-cine-humberto-mauro","status":"publish","type":"post","link":"https:\/\/jornaldeitaipava.com.br\/index.php\/2024\/06\/22\/lancamento-do-videocast-cidade-de-pedro-no-cine-humberto-mauro\/","title":{"rendered":"LAN\u00c7AMENTO DO VIDEOCAST &#8220;CIDADE DE PEDRO&#8221; NO CINE HUMBERTO MAURO"},"content":{"rendered":"\n<p>Petr\u00f3polis se prepara para um evento cultural com o lan\u00e7amento do videocast &#8220;Cidade de Pedro&#8221;, a ser realizado na quarta-feira, 26 de junho, \u00e0s 18h, no Cine Humberto Mauro, localizado no Centro de Cultura Raul de Leoni, Pra\u00e7a Visconde de Mau\u00e1, 305 &#8211; Centro. Este projeto, que promete ser um marco na promo\u00e7\u00e3o e preserva\u00e7\u00e3o do patrim\u00f4nio hist\u00f3rico local, \u00e9 custeado pelo Fundo Municipal de Cultura, Prefeitura Municipal de Petr\u00f3polis, Lei Paulo Gustavo, Minist\u00e9rio da Cultura e Governo Federal.<\/p>\n\n\n\n<p>&#8220;Cidade de Pedro&#8221; \u00e9 uma s\u00e9rie de videocasts que busca celebrar a riqueza cultural e arquitet\u00f4nica de Petr\u00f3polis, focando neste primeiro epis\u00f3dio na Catedral S\u00e3o Pedro de Alc\u00e2ntara. Este epis\u00f3dio inaugural foi meticulosamente planejado, roteirizado e produzido para oferecer uma narrativa cativante e informativa, utilizando recursos sonoros como m\u00fasicas e sons ambientes para criar uma experi\u00eancia auditiva envolvente.<\/p>\n\n\n\n<p>O videocast explora como a Catedral \u00e9 utilizada nos dias de hoje, destacando suas fun\u00e7\u00f5es religiosas e comunit\u00e1rias. \u201cUma rica contextualiza\u00e7\u00e3o da hist\u00f3ria da Catedral S\u00e3o Pedro de Alc\u00e2ntara e sua relev\u00e2ncia religiosa ser\u00e1 apresentada pois o epis\u00f3dio mergulha nos detalhes arquitet\u00f4nicos e art\u00edsticos que tornam a Catedral um marco inconfund\u00edvel, mas com uma linguagem leve e no formato real de videocast\u201d, pondera Renata Hingel, jornalista e produtora que atua na Theobald Filmes.<\/p>\n\n\n\n<p>O projeto &#8220;Cidade de Pedro&#8221; n\u00e3o \u00e9 apenas um videocast, mas uma iniciativa inovadora que visa preservar e promover o patrim\u00f4nio hist\u00f3rico de Petr\u00f3polis. Destacando a import\u00e2ncia cultural e hist\u00f3rica da Catedral S\u00e3o Pedro de Alc\u00e2ntara, o projeto contribui para a preserva\u00e7\u00e3o e promo\u00e7\u00e3o desse patrim\u00f4nio. Al\u00e9m disso, busca engajar o p\u00fablico culturalmente e educar sobre a hist\u00f3ria local, utilizando o formato de videocast para alcan\u00e7ar um p\u00fablico amplo. A narrativa cativante e informativa desperta o interesse pela hist\u00f3ria da cidade.<\/p>\n\n\n\n<p>A produ\u00e7\u00e3o do videocast \u00e9 marcada por uma metodologia superior, envolvendo pesquisa aprofundada, assinada pela historiadora Maria Angela Gomes, entrevistas com especialistas, Joaquim Eloy e Maur\u00edcio Vicente, e an\u00e1lise de documentos hist\u00f3ricos. \u201cEsse trabalho criterioso garante precis\u00e3o e riqueza de informa\u00e7\u00f5es, celebrando a identidade local e enriquecendo a compreens\u00e3o da comunidade sobre sua pr\u00f3pria hist\u00f3ria. Ao fortalecer os la\u00e7os entre gera\u00e7\u00f5es, o projeto tamb\u00e9m tem potencial tur\u00edstico e impacto econ\u00f4mico positivo, atraindo turistas interessados na hist\u00f3ria de Petr\u00f3polis e contribuindo para o desenvolvimento do turismo local\u201d, detalha Maur\u00edcio Ara\u00fajo, diretor executivo do projeto.<\/p>\n\n\n\n<p>A inova\u00e7\u00e3o na narrativa audiovisual \u00e9 um dos pontos fortes do projeto. \u201cEstamos muito gratos em ter misturado artes c\u00eanicas com hist\u00f3ria em mais um projeto cultural. O material \u00e9 aberto com a atriz Vania Moreira interpretando a Imperatriz Teresa Cristina em sua primeira visita \u00e0 Catedral S\u00e3o Pedro de Alc\u00e2ntara. Usar este artif\u00edcio c\u00eanico torna a narrativa mais envolvente e acess\u00edvel com artes de abordagem inovadora e eficaz para contar a hist\u00f3ria da cidade\u201d, frisou Carla Coelho que assina a dire\u00e7\u00e3o de produ\u00e7\u00e3o.<\/p>\n\n\n\n<p>O projeto \u00e9 uma realiza\u00e7\u00e3o em parceria da Comunica\u00e7\u00e3o Livre, Xdaquest\u00e3o Produ\u00e7\u00f5es e Theobald Filmes, e reflete um esfor\u00e7o conjunto para promover e celebrar a hist\u00f3ria e a cultura de Petr\u00f3polis. As vagas s\u00e3o limitadas e os interessados devem entrar em contato pelo Whasapp (24) 99955-2730 para garantir participa\u00e7\u00e3o.<\/p>\n\n\n\n<p><strong>SERVI\u00c7O<br><\/strong>Fundo Municipal de Cultura; Cultura; Prefeitura Municipal de Petr\u00f3polis; Lei Paulo Gustavo;<br>Minist\u00e9rio da Cultura e Governo Federal apresentam<br>Cidade de Pedro \u2013 Catedral S\u00e3o Pedro de Alc\u00e2ntara<br>Quarta-feira, 26\/06\/2024 \u00e0s 18h no Cine Humberto Mauro<\/p>\n","protected":false},"excerpt":{"rendered":"<p>Petr\u00f3polis se prepara para um evento cultural com o lan\u00e7amento do videocast &#8220;Cidade de Pedro&#8221;,<\/p>\n","protected":false},"author":1,"featured_media":40414,"comment_status":"closed","ping_status":"open","sticky":false,"template":"","format":"standard","meta":{"spay_email":"","footnotes":"","jetpack_publicize_message":""},"categories":[1],"tags":[],"jetpack_featured_media_url":"https:\/\/i2.wp.com\/jornaldeitaipava.com.br\/wp-content\/uploads\/2024\/06\/WhatsApp-Image-2024-06-20-at-09.03.52.jpeg?fit=1231%2C595&ssl=1","jetpack_publicize_connections":[],"jetpack_sharing_enabled":true,"jetpack_likes_enabled":true,"jetpack-related-posts":[],"_links":{"self":[{"href":"https:\/\/jornaldeitaipava.com.br\/index.php\/wp-json\/wp\/v2\/posts\/40413"}],"collection":[{"href":"https:\/\/jornaldeitaipava.com.br\/index.php\/wp-json\/wp\/v2\/posts"}],"about":[{"href":"https:\/\/jornaldeitaipava.com.br\/index.php\/wp-json\/wp\/v2\/types\/post"}],"author":[{"embeddable":true,"href":"https:\/\/jornaldeitaipava.com.br\/index.php\/wp-json\/wp\/v2\/users\/1"}],"replies":[{"embeddable":true,"href":"https:\/\/jornaldeitaipava.com.br\/index.php\/wp-json\/wp\/v2\/comments?post=40413"}],"version-history":[{"count":1,"href":"https:\/\/jornaldeitaipava.com.br\/index.php\/wp-json\/wp\/v2\/posts\/40413\/revisions"}],"predecessor-version":[{"id":40415,"href":"https:\/\/jornaldeitaipava.com.br\/index.php\/wp-json\/wp\/v2\/posts\/40413\/revisions\/40415"}],"wp:featuredmedia":[{"embeddable":true,"href":"https:\/\/jornaldeitaipava.com.br\/index.php\/wp-json\/wp\/v2\/media\/40414"}],"wp:attachment":[{"href":"https:\/\/jornaldeitaipava.com.br\/index.php\/wp-json\/wp\/v2\/media?parent=40413"}],"wp:term":[{"taxonomy":"category","embeddable":true,"href":"https:\/\/jornaldeitaipava.com.br\/index.php\/wp-json\/wp\/v2\/categories?post=40413"},{"taxonomy":"post_tag","embeddable":true,"href":"https:\/\/jornaldeitaipava.com.br\/index.php\/wp-json\/wp\/v2\/tags?post=40413"}],"curies":[{"name":"wp","href":"https:\/\/api.w.org\/{rel}","templated":true}]}}