{"id":40425,"date":"2024-06-20T12:41:05","date_gmt":"2024-06-20T15:41:05","guid":{"rendered":"http:\/\/jornaldeitaipava.com.br\/?p=40425"},"modified":"2024-06-20T12:41:07","modified_gmt":"2024-06-20T15:41:07","slug":"cdl-petropolis-lanca-projeto-terapia-para-todos-de-atendimento-a-mulheres-em-vulnerabilidade","status":"publish","type":"post","link":"https:\/\/jornaldeitaipava.com.br\/index.php\/2024\/06\/20\/cdl-petropolis-lanca-projeto-terapia-para-todos-de-atendimento-a-mulheres-em-vulnerabilidade\/","title":{"rendered":"CDL Petr\u00f3polis lan\u00e7a projeto Terapia para Todos, de atendimento a mulheres em vulnerabilidade"},"content":{"rendered":"\n<p>A C\u00e2mara de Dirigentes Lojistas (CDL) de Petr\u00f3polis iniciar\u00e1 o projeto &#8220;Terapia para Todos&#8221;, destinado a oferecer suporte psicol\u00f3gico para mulheres em situa\u00e7\u00e3o de vulnerabilidade. A iniciativa, coordenada pela psic\u00f3loga cl\u00ednica Vanessa Abreu, visa proporcionar enfrentamento \u00e0 viol\u00eancia, apoio para reestrutura\u00e7\u00e3o emocional e retomada da vida das participantes. O programa inicia no dia 20 de julho e prev\u00ea, nesta primeira etapa, 15 encontros em grupo. As sess\u00f5es de terapia acontecer\u00e3o todos os s\u00e1bados, das 14h30 \u00e0s 16h, no audit\u00f3rio da CDL Petr\u00f3polis, localizado na Rua Irm\u00e3os D\u2019Angelo, 48, sobreloja. O projeto contar\u00e1 com 20 vagas dispon\u00edveis para mulheres que necessitem desse suporte psicossocial. As inscri\u00e7\u00f5es est\u00e3o abertas pelo telefone (24) 99313-5130.<\/p>\n\n\n\n<p>O presidente da CDL Petr\u00f3polis, Claudio Mohammad, refor\u00e7a o compromisso da institui\u00e7\u00e3o com a causa: &#8220;A CDL est\u00e1 comprometida em apoiar projetos que promovam o bem-estar da comunidade. Acreditamos que oferecer suporte psicol\u00f3gico para mulheres em vulnerabilidade \u00e9 um passo importante para a constru\u00e7\u00e3o de uma sociedade mais justa e igualit\u00e1ria.&#8221;<\/p>\n\n\n\n<p>A psic\u00f3loga cl\u00ednica Vanessa Abreu destaca a import\u00e2ncia da iniciativa: &#8220;Este projeto \u00e9 fundamental para oferecer \u00e0s mulheres um espa\u00e7o seguro e acolhedor onde elas possam expressar suas emo\u00e7\u00f5es e encontrar maneiras de lidar com a viol\u00eancia e outras dificuldades que enfrentam no dia a dia. Nosso objetivo \u00e9 ajudar na reestrutura\u00e7\u00e3o emocional e proporcionar ferramentas para a retomada da vida dessas mulheres.&#8221;<\/p>\n\n\n\n<p>Vanessa tem experi\u00eancia na \u00e1rea de atendimento a comunidades tento acompanhado atua\u00e7\u00f5es do \u00d4nibus Lil\u00e1s, de enfrentamento \u00e0 viol\u00eancia contra a mulher, em cidades da regi\u00e3o metropolitana do Rio. Em Petr\u00f3polis, ela \u00e9 atuante em programas comunit\u00e1rios e refer\u00eancia no bairro onde mora, o S\u00e3o Sebasti\u00e3o, e ainda em a\u00e7\u00f5es em comunidades sob forma de voluntariado.<\/p>\n\n\n\n<p>Ela explica que o programa \u00e9 dividido em tr\u00eas blocos: desbloqueio e seguran\u00e7a, enfretamento e trabalho dos sentimentos e, por \u00faltimo, o est\u00edmulo \u00e0 \u2018guinada\u2019 para transformar a vida e o n\u00facleo familiar. \u201cA mudan\u00e7a da mulher reflete diretamente nos seus, principalmente nos filhos. A inten\u00e7\u00e3o \u00e9 que o programa d\u00ea esse primeiro impulso que a mulher precisa e que ela continua no caminho da terapia e trabalhando para progredir como pessoa, como indiv\u00edduo\u201d, completa Vanessa Abreu.<\/p>\n\n\n\n<p>Para o presidente da CDL Petr\u00f3polis, o programa ainda vai beneficiar mulheres que sofreram ainda mais com a pandemia da covid e a trag\u00e9dia das chuvas. \u201cPara o p\u00fablico feminino em vulnerabilidade, a realidade \u00e9 ainda mais dura considerando esses epis\u00f3dios que atingiram a todos\u201d, afirma Cl\u00e1udio Mohammad.<\/p>\n","protected":false},"excerpt":{"rendered":"<p>A C\u00e2mara de Dirigentes Lojistas (CDL) de Petr\u00f3polis iniciar\u00e1 o projeto &#8220;Terapia para Todos&#8221;, destinado<\/p>\n","protected":false},"author":1,"featured_media":40426,"comment_status":"closed","ping_status":"open","sticky":false,"template":"","format":"standard","meta":{"spay_email":"","footnotes":"","jetpack_publicize_message":""},"categories":[2],"tags":[],"jetpack_featured_media_url":"https:\/\/i1.wp.com\/jornaldeitaipava.com.br\/wp-content\/uploads\/2024\/06\/Vanessa-Abreu-e-Claudio-Mohammad-1.jpeg?fit=1280%2C960&ssl=1","jetpack_publicize_connections":[],"jetpack_sharing_enabled":true,"jetpack_likes_enabled":true,"jetpack-related-posts":[],"_links":{"self":[{"href":"https:\/\/jornaldeitaipava.com.br\/index.php\/wp-json\/wp\/v2\/posts\/40425"}],"collection":[{"href":"https:\/\/jornaldeitaipava.com.br\/index.php\/wp-json\/wp\/v2\/posts"}],"about":[{"href":"https:\/\/jornaldeitaipava.com.br\/index.php\/wp-json\/wp\/v2\/types\/post"}],"author":[{"embeddable":true,"href":"https:\/\/jornaldeitaipava.com.br\/index.php\/wp-json\/wp\/v2\/users\/1"}],"replies":[{"embeddable":true,"href":"https:\/\/jornaldeitaipava.com.br\/index.php\/wp-json\/wp\/v2\/comments?post=40425"}],"version-history":[{"count":1,"href":"https:\/\/jornaldeitaipava.com.br\/index.php\/wp-json\/wp\/v2\/posts\/40425\/revisions"}],"predecessor-version":[{"id":40427,"href":"https:\/\/jornaldeitaipava.com.br\/index.php\/wp-json\/wp\/v2\/posts\/40425\/revisions\/40427"}],"wp:featuredmedia":[{"embeddable":true,"href":"https:\/\/jornaldeitaipava.com.br\/index.php\/wp-json\/wp\/v2\/media\/40426"}],"wp:attachment":[{"href":"https:\/\/jornaldeitaipava.com.br\/index.php\/wp-json\/wp\/v2\/media?parent=40425"}],"wp:term":[{"taxonomy":"category","embeddable":true,"href":"https:\/\/jornaldeitaipava.com.br\/index.php\/wp-json\/wp\/v2\/categories?post=40425"},{"taxonomy":"post_tag","embeddable":true,"href":"https:\/\/jornaldeitaipava.com.br\/index.php\/wp-json\/wp\/v2\/tags?post=40425"}],"curies":[{"name":"wp","href":"https:\/\/api.w.org\/{rel}","templated":true}]}}