{"id":40431,"date":"2024-06-20T13:51:11","date_gmt":"2024-06-20T16:51:11","guid":{"rendered":"http:\/\/jornaldeitaipava.com.br\/?p=40431"},"modified":"2024-06-20T13:52:12","modified_gmt":"2024-06-20T16:52:12","slug":"expo-barrinha-mangalarga-marchador-em-paraiba-do-sul","status":"publish","type":"post","link":"https:\/\/jornaldeitaipava.com.br\/index.php\/2024\/06\/20\/expo-barrinha-mangalarga-marchador-em-paraiba-do-sul\/","title":{"rendered":"EXPO BARRINHA MANGALARGA MARCHADOR, EM PARA\u00cdBA DO SUL, VAI AT\u00c9 DOMINGO"},"content":{"rendered":"\n<p>Come\u00e7ou na quarta-feira (19) e vai at\u00e9 o pr\u00f3ximo domingo a 1\u00b0 Edi\u00e7\u00e3o da Copa de Marcha na nova Expo Barrinha, em Para\u00edba do Sul\/RJ. O evento \u00e9 realizado pelo N\u00facleo Sul-Fluminense de criadores de cavalos Mangalarga Marchador em parceria com a Prefeitura de Para\u00edba do Sul.<\/p>\n\n\n\n<p><br>Com entrada gratuita a exposi\u00e7\u00e3o conta com uma ampla estrutura oferecendo uma gama completa de op\u00e7\u00f5es aos visitantes, incluindo pra\u00e7as de alimenta\u00e7\u00e3o, estacionamento, choperia artesanal, stands comerciais. Al\u00e9m disso, o entretenimento ser\u00e1 refor\u00e7ado por shows regionais que prometem agitar o evento.<\/p>\n\n\n\n<p><br>Na sexta-feira (21), o p\u00fablico vai curtir o show ac\u00fastico A3, \u00e0s 21h. No s\u00e1bado o evento vai contar com duas apresenta\u00e7\u00f5es: Wesley &amp; Rafael (\u00e0s 11h) e Tiago Alves e banda (\u00e0s 21h). J\u00e1 no domingo ser\u00e3o tr\u00eas shows com Eduardo Guedes &amp; Kevin (\u00e0s 14h), Felipe Matos (\u00e0s 18h) e L\u00e9o Freitas (\u00e0s 21h).<br>Durante os dias do evento haver\u00e1 disponibilidade de linhas especiais de \u00f4nibus saindo da Pra\u00e7a Garcia \u00e0s 19h at\u00e9 a Expor Barrinha, inclusive ap\u00f3s os shows.<\/p>\n","protected":false},"excerpt":{"rendered":"<p>Come\u00e7ou na quarta-feira (19) e vai at\u00e9 o pr\u00f3ximo domingo a 1\u00b0 Edi\u00e7\u00e3o da Copa<\/p>\n","protected":false},"author":1,"featured_media":40432,"comment_status":"closed","ping_status":"open","sticky":false,"template":"","format":"standard","meta":{"spay_email":"","footnotes":"","jetpack_publicize_message":""},"categories":[5],"tags":[],"jetpack_featured_media_url":"https:\/\/i0.wp.com\/jornaldeitaipava.com.br\/wp-content\/uploads\/2024\/06\/448755093_1520490235427296_4542403649031594336_n.jpg?fit=2048%2C2048&ssl=1","jetpack_publicize_connections":[],"jetpack_sharing_enabled":true,"jetpack_likes_enabled":true,"jetpack-related-posts":[],"_links":{"self":[{"href":"https:\/\/jornaldeitaipava.com.br\/index.php\/wp-json\/wp\/v2\/posts\/40431"}],"collection":[{"href":"https:\/\/jornaldeitaipava.com.br\/index.php\/wp-json\/wp\/v2\/posts"}],"about":[{"href":"https:\/\/jornaldeitaipava.com.br\/index.php\/wp-json\/wp\/v2\/types\/post"}],"author":[{"embeddable":true,"href":"https:\/\/jornaldeitaipava.com.br\/index.php\/wp-json\/wp\/v2\/users\/1"}],"replies":[{"embeddable":true,"href":"https:\/\/jornaldeitaipava.com.br\/index.php\/wp-json\/wp\/v2\/comments?post=40431"}],"version-history":[{"count":3,"href":"https:\/\/jornaldeitaipava.com.br\/index.php\/wp-json\/wp\/v2\/posts\/40431\/revisions"}],"predecessor-version":[{"id":40435,"href":"https:\/\/jornaldeitaipava.com.br\/index.php\/wp-json\/wp\/v2\/posts\/40431\/revisions\/40435"}],"wp:featuredmedia":[{"embeddable":true,"href":"https:\/\/jornaldeitaipava.com.br\/index.php\/wp-json\/wp\/v2\/media\/40432"}],"wp:attachment":[{"href":"https:\/\/jornaldeitaipava.com.br\/index.php\/wp-json\/wp\/v2\/media?parent=40431"}],"wp:term":[{"taxonomy":"category","embeddable":true,"href":"https:\/\/jornaldeitaipava.com.br\/index.php\/wp-json\/wp\/v2\/categories?post=40431"},{"taxonomy":"post_tag","embeddable":true,"href":"https:\/\/jornaldeitaipava.com.br\/index.php\/wp-json\/wp\/v2\/tags?post=40431"}],"curies":[{"name":"wp","href":"https:\/\/api.w.org\/{rel}","templated":true}]}}