{"id":40436,"date":"2024-06-21T12:31:28","date_gmt":"2024-06-21T15:31:28","guid":{"rendered":"http:\/\/jornaldeitaipava.com.br\/?p=40436"},"modified":"2024-06-21T12:31:30","modified_gmt":"2024-06-21T15:31:30","slug":"diversidade-na-literatura-ganha-espaco-na-programacao-de-ferias-de-julho-do-instituto-estacao-das-letras","status":"publish","type":"post","link":"https:\/\/jornaldeitaipava.com.br\/index.php\/2024\/06\/21\/diversidade-na-literatura-ganha-espaco-na-programacao-de-ferias-de-julho-do-instituto-estacao-das-letras\/","title":{"rendered":"Diversidade na literatura ganha espa\u00e7o na programa\u00e7\u00e3o de f\u00e9rias de julho do Instituto Esta\u00e7\u00e3o das Letras"},"content":{"rendered":"\n<p>Pela primeira vez em quase tr\u00eas d\u00e9cadas, o Instituto Esta\u00e7\u00e3o das Letras &#8211; IEL re\u00fane, em sua programa\u00e7\u00e3o de cursos de f\u00e9rias de julho, com in\u00edcio em 8\/7, tem\u00e1ticas relacionadas \u00e0 inclus\u00e3o de grupos minorizados no mercado editorial. Com oficinas que abordam a representatividade de pessoas negras, ind\u00edgenas e da comunidade LGBTQIA+, as aulas, realizadas on-line para p\u00fablico de todos os lugares do Brasil e do mundo, contribui para forma\u00e7\u00e3o de escritores e de leitores.<br>Para Suzana Vargas, fundadora, diretora e curadora do IEL, esses temas devem colaborar para gerar mudan\u00e7as estruturais. &#8220;Esse olhar mais voltado para a diversidade, enaltecendo autores \u2018fora do padr\u00e3o e do eixo Rio-S\u00e3o Paulo\u2019 \u00e9 transformador e reflete a sociedade que precisamos ter\u201d.<br>A Universidade de Bras\u00edlia analisou publica\u00e7\u00f5es das principais editoras brasileiras entre 1965 e 2014 e mostrou que os autores brasileiros s\u00e3o homens (70%), brancos (90%) e paulistas ou cariocas (50% do total). Os personagens retratados tamb\u00e9m s\u00e3o os mais pr\u00f3ximos da realidade desses autores: protagonistas homens (60%), brancos (80%), heterossexuais (90%). Quando o negro \u00e9 personagem (6,2% dos romances publicados entre 2004 e 2014), 4,5% deles protagonizaram as hist\u00f3rias e a maioria (obras de 1990 a 2014) desenvolvia ocupa\u00e7\u00e3o de bandido, empregado dom\u00e9stico, escravo, profissional do sexo e dona de casa.<br>Na contram\u00e3o da pesquisa, o IEL recebe o professor efetivo de literaturas africanas de l\u00edngua portuguesa na Universidade do Estado do Rio de Janeiro (UERJ) Marcelo Mattos para falar sobre Paulina Chiziane, Pr\u00eamio Cam\u00f5es,e abordar\u00e1 O feminino e o sagrado na obra da autora.<\/p>\n\n\n\n<p>Escritora, poetisa, atriz e trabalhadora social, Teresa C\u00e0rdenas dar\u00e1 a oficina de textos liter\u00e1rios A Mem\u00f3ria Fala, uma viagem ao centro da mem\u00f3ria pelas asas e for\u00e7a da literatura. De forma descomplicada e divertida, a ideia \u00e9 mostrar como trabalhar hist\u00f3rias dif\u00edceis em diversos g\u00eaneros liter\u00e1rios.<br>Em Literatura Ind\u00edgena: retomada, protagonismo e resist\u00eancia , com Carina Oliveira, Patax\u00f3, ser\u00e3o tr\u00eas encontros para tratar da Literatura Ind\u00edgena enquanto movimento est\u00e9tico-pol\u00edtico, que nasce para a sociedade nacional a partir da d\u00e9cada de 1990 e ir\u00e1 ao encontro do contraponto aos estere\u00f3tipos impostos aos sujeitos e povos ind\u00edgenas historicamente e como estes, na contemporaneidade, t\u00eam ecoado suas vozes.<\/p>\n\n\n\n<p>J\u00e1 o escritor parense Airton Souza far\u00e1 a leitura guiada do seu romance Outono de carne estranha, vencedor do Pr\u00eamio Sesc de Literatura 2023, que conta a hist\u00f3ria de amor entre os garimpeiros Zuza e Manel, em um territ\u00f3rio de embrutecimento dos homens e da terra, o garimpo da Serra Pelada nos anos 80.<\/p>\n\n\n\n<p>Para os interessados em oficinas de escrita, o professor Oswaldo Martins trabalhar\u00e1 com Erotismo e literatura, numa oficina de textos er\u00f3ticos. Em quatro encontros, apresentar\u00e1 a diferen\u00e7a entre o er\u00f3tico e o pornogr\u00e1fico na literatura, a po\u00e9tica de Pietro Aretino (chamado inventor da poesia pornogr\u00e1fica, no s\u00e9culo XVI), o er\u00f3tico deslocado de seu sentido e erotismo e fetiche, sempre acompanhados de propostas de escrita.<\/p>\n\n\n\n<p>Assis Brasil realizar\u00e1 a oficina compacta &#8220;Romance: teoria e pr\u00e1tica&#8221; , na qual cada aluno poder\u00e1 desenvolver o projeto de seu romance durante o curso; Cintia Moscovitch vai falar sobre o que n\u00e3o fazer na escrita liter\u00e1ria, no lugar de seguir as receitas de cursos que mostram caminhos clich\u00eas; e Braulio Tavares discorrer\u00e1 sobre a narrativa fant\u00e1stica, a fic\u00e7\u00e3o especulativa e a fic\u00e7\u00e3o cient\u00edfica, utopias e distopias e S\u00e9culo 21 como o s\u00e9culo das Literaturas da Imagina\u00e7\u00e3o.<br>As inscri\u00e7\u00f5es para os cursos de julho est\u00e3o abertas pelo iel@estacaodasletras.com.br. Detalhes das datas e ementas est\u00e3o em https:\/\/www.estacaodasletras.com.br\/cursos.<\/p>\n","protected":false},"excerpt":{"rendered":"<p>Pela primeira vez em quase tr\u00eas d\u00e9cadas, o Instituto Esta\u00e7\u00e3o das Letras &#8211; IEL re\u00fane,<\/p>\n","protected":false},"author":1,"featured_media":40437,"comment_status":"closed","ping_status":"open","sticky":false,"template":"","format":"standard","meta":{"spay_email":"","footnotes":"","jetpack_publicize_message":""},"categories":[1],"tags":[],"jetpack_featured_media_url":"https:\/\/i0.wp.com\/jornaldeitaipava.com.br\/wp-content\/uploads\/2024\/06\/india.jpg?fit=599%2C396&ssl=1","jetpack_publicize_connections":[],"jetpack_sharing_enabled":true,"jetpack_likes_enabled":true,"jetpack-related-posts":[],"_links":{"self":[{"href":"https:\/\/jornaldeitaipava.com.br\/index.php\/wp-json\/wp\/v2\/posts\/40436"}],"collection":[{"href":"https:\/\/jornaldeitaipava.com.br\/index.php\/wp-json\/wp\/v2\/posts"}],"about":[{"href":"https:\/\/jornaldeitaipava.com.br\/index.php\/wp-json\/wp\/v2\/types\/post"}],"author":[{"embeddable":true,"href":"https:\/\/jornaldeitaipava.com.br\/index.php\/wp-json\/wp\/v2\/users\/1"}],"replies":[{"embeddable":true,"href":"https:\/\/jornaldeitaipava.com.br\/index.php\/wp-json\/wp\/v2\/comments?post=40436"}],"version-history":[{"count":1,"href":"https:\/\/jornaldeitaipava.com.br\/index.php\/wp-json\/wp\/v2\/posts\/40436\/revisions"}],"predecessor-version":[{"id":40438,"href":"https:\/\/jornaldeitaipava.com.br\/index.php\/wp-json\/wp\/v2\/posts\/40436\/revisions\/40438"}],"wp:featuredmedia":[{"embeddable":true,"href":"https:\/\/jornaldeitaipava.com.br\/index.php\/wp-json\/wp\/v2\/media\/40437"}],"wp:attachment":[{"href":"https:\/\/jornaldeitaipava.com.br\/index.php\/wp-json\/wp\/v2\/media?parent=40436"}],"wp:term":[{"taxonomy":"category","embeddable":true,"href":"https:\/\/jornaldeitaipava.com.br\/index.php\/wp-json\/wp\/v2\/categories?post=40436"},{"taxonomy":"post_tag","embeddable":true,"href":"https:\/\/jornaldeitaipava.com.br\/index.php\/wp-json\/wp\/v2\/tags?post=40436"}],"curies":[{"name":"wp","href":"https:\/\/api.w.org\/{rel}","templated":true}]}}