{"id":40440,"date":"2024-06-24T14:41:39","date_gmt":"2024-06-24T17:41:39","guid":{"rendered":"http:\/\/jornaldeitaipava.com.br\/?p=40440"},"modified":"2024-06-24T14:41:51","modified_gmt":"2024-06-24T17:41:51","slug":"alunos-da-firjan-senai-levam-a-moda-do-futuro-para-as-passarelas-da-fevest-trend-2024","status":"publish","type":"post","link":"https:\/\/jornaldeitaipava.com.br\/index.php\/2024\/06\/24\/alunos-da-firjan-senai-levam-a-moda-do-futuro-para-as-passarelas-da-fevest-trend-2024\/","title":{"rendered":"Alunos da Firjan SENAI levam a \u2018moda do futuro\u2019 para as passarelas da Fevest Trend 2024"},"content":{"rendered":"\n<p>Alunos da Firjan SENAI Espa\u00e7o da Moda, em Nova Friburgo, desenvolveram pe\u00e7as produzidas com couro feito de kombucha, tecidos impressos com filamentos sustent\u00e1veis na impressora 3D, sensores com fun\u00e7\u00f5es preventivas para a sa\u00fade e bem-estar, tecidos inteligentes, moda digital com Design 3D e materiais reciclados cortados na m\u00e1quina de corte \u00e0 laser criando formas estruturadas e sofisticadas. Esses s\u00e3o apenas alguns dos elementos presentes nesta cole\u00e7\u00e3o do Projeto Integrador Novo Talentos 2024, que ser\u00e1 apresentada na maior feira de lingerie, moda praia e fitness do Brasil, a Fevest, que acontece entre os dias 25 e 27 de junho, em Nova Friburgo.<br>\u201cO desafio do projeto foi a cria\u00e7\u00e3o de pe\u00e7as inovadoras utilizando tecnologia embarcada, wearables e biomateriais, que retratam uma &#8216;Moda do Futuro&#8217;, cada vez mais presente no nosso cotidiano. A integra\u00e7\u00e3o de moda e tecnologia est\u00e1 moldando o futuro da ind\u00fastria, tornando-a cada vez mais sustent\u00e1vel e personalizada. Os nossos alunos est\u00e3o sendo preparados para essa nova era da moda\u201d, ressaltou Milena Cariello, coordenadora de educa\u00e7\u00e3o profissional da Firjan SENAI Espa\u00e7o da Moda.<br>Uma das pe\u00e7as selecionadas para o desfile de abertura da feira \u00e9 &#8220;Biotech&#8221;, que agrega inova\u00e7\u00e3o e sustentabilidade, com aplica\u00e7\u00e3o da biotecnologia na moda, a partir da kombucha, transformada em um tecido sustent\u00e1vel e ecol\u00f3gico. Essa pel\u00edcula \u00e9 composta principalmente de celulose, um pol\u00edmero org\u00e2nico que pode ser manipulado para criar um material similar ao couro. Tecido que possui um visual \u00fanico e com uma textura que pode variar de suave a ligeiramente rugosa.<br>Outra pe\u00e7a em destaque para bem-estar e conforto na hora da pr\u00e1tica de esportes \u00e9 a &#8220;Skin\u201d, seu tecido com tecnologia avan\u00e7ada, ameniza os sintomas da dermatite at\u00f3pica e visa transformar a vida de muitas pessoas. A utiliza\u00e7\u00e3o de tecido com tecnologia de microencapsula\u00e7\u00e3o que libera gradualmente ingredientes calmantes, como aloe vera e tamb\u00e9m prote\u00e7\u00e3o UV, e a\u00e7\u00e3o antibacteriana, garantindo que o atrito do tecido a pele n\u00e3o cause maiores desconfortos durante seu uso.<br>A cole\u00e7\u00e3o completa ter\u00e1 um desfile especial no dia 26 de junho, \u00e0s 17h, na Arena Firjan SENAI. As pe\u00e7as foram criadas pelos estudantes dos cursos T\u00e9cnico em Vestu\u00e1rio do Novo Ensino M\u00e9dio Firjan SENAI SESI \u2013 T\u00e9cnico em Vestu\u00e1rio, Assistente de Produ\u00e7\u00e3o e Aprendizagem T\u00e9cnica da Firjan SENAI Espa\u00e7o da Moda.<br>A Fevest Trend 2024 &#8211; Feira de Lingerie, Moda Praia, Fitness e Mat\u00e9ria-prima &#8211; \u00e9 uma realiza\u00e7\u00e3o do Sindvest (Sindicato das Ind\u00fastrias do Vestu\u00e1rio de Nova Friburgo e Regi\u00e3o), com patroc\u00ednio da Firjan Senai, ApexBrasil e Sebrae, parceiro institucional SENAC RJ, apoio \u00c1guas de Nova Friburgo; Bling, Correios, Energisa, Frionline, OLIST, SICREDI e VINILSUL, apoio institucional da ABIT, Prefeitura de Nova Friburgo e da Secretaria de Desenvolvimento Econ\u00f4mico, Ind\u00fastria, Com\u00e9rcio e Servi\u00e7os do Governo do Estado do Rio de Janeiro.<\/p>\n\n\n\n<p>Servi\u00e7o:<br>FEVEST TREND 2024 &#8211; Feira de Lingerie, Moda Praia, Fitness e Mat\u00e9ria-prima<br>Data: 25 a 27 de junho de 2024 (ter\u00e7a-feira a quinta-feira)<br>Hor\u00e1rio: das 11h \u00e0s 21h<br>Entrada: Gratuita mediante credenciamento pelo site<br>Local: Nova Friburgo Country Clube (Av Conselheiro Julius Arp, 140 \u2013 Centro \u2013 Nova Friburgo\/RJ)<br>Site: http:\/\/www.fevest.com\/<\/p>\n","protected":false},"excerpt":{"rendered":"<p>Alunos da Firjan SENAI Espa\u00e7o da Moda, em Nova Friburgo, desenvolveram pe\u00e7as produzidas com couro<\/p>\n","protected":false},"author":1,"featured_media":40441,"comment_status":"closed","ping_status":"open","sticky":false,"template":"","format":"standard","meta":{"spay_email":"","footnotes":"","jetpack_publicize_message":""},"categories":[5],"tags":[],"jetpack_featured_media_url":"https:\/\/i2.wp.com\/jornaldeitaipava.com.br\/wp-content\/uploads\/2024\/06\/unnamed.jpg?fit=529%2C399&ssl=1","jetpack_publicize_connections":[],"jetpack_sharing_enabled":true,"jetpack_likes_enabled":true,"jetpack-related-posts":[],"_links":{"self":[{"href":"https:\/\/jornaldeitaipava.com.br\/index.php\/wp-json\/wp\/v2\/posts\/40440"}],"collection":[{"href":"https:\/\/jornaldeitaipava.com.br\/index.php\/wp-json\/wp\/v2\/posts"}],"about":[{"href":"https:\/\/jornaldeitaipava.com.br\/index.php\/wp-json\/wp\/v2\/types\/post"}],"author":[{"embeddable":true,"href":"https:\/\/jornaldeitaipava.com.br\/index.php\/wp-json\/wp\/v2\/users\/1"}],"replies":[{"embeddable":true,"href":"https:\/\/jornaldeitaipava.com.br\/index.php\/wp-json\/wp\/v2\/comments?post=40440"}],"version-history":[{"count":1,"href":"https:\/\/jornaldeitaipava.com.br\/index.php\/wp-json\/wp\/v2\/posts\/40440\/revisions"}],"predecessor-version":[{"id":40442,"href":"https:\/\/jornaldeitaipava.com.br\/index.php\/wp-json\/wp\/v2\/posts\/40440\/revisions\/40442"}],"wp:featuredmedia":[{"embeddable":true,"href":"https:\/\/jornaldeitaipava.com.br\/index.php\/wp-json\/wp\/v2\/media\/40441"}],"wp:attachment":[{"href":"https:\/\/jornaldeitaipava.com.br\/index.php\/wp-json\/wp\/v2\/media?parent=40440"}],"wp:term":[{"taxonomy":"category","embeddable":true,"href":"https:\/\/jornaldeitaipava.com.br\/index.php\/wp-json\/wp\/v2\/categories?post=40440"},{"taxonomy":"post_tag","embeddable":true,"href":"https:\/\/jornaldeitaipava.com.br\/index.php\/wp-json\/wp\/v2\/tags?post=40440"}],"curies":[{"name":"wp","href":"https:\/\/api.w.org\/{rel}","templated":true}]}}