{"id":40514,"date":"2024-06-26T10:32:14","date_gmt":"2024-06-26T13:32:14","guid":{"rendered":"http:\/\/jornaldeitaipava.com.br\/?p=40514"},"modified":"2024-06-26T10:32:15","modified_gmt":"2024-06-26T13:32:15","slug":"mediacao-de-leitura-e-oficina-criativa-a-partir-do-livro-a-menina-que-abraca-o-vento-na-casa-stefan-zweig","status":"publish","type":"post","link":"https:\/\/jornaldeitaipava.com.br\/index.php\/2024\/06\/26\/mediacao-de-leitura-e-oficina-criativa-a-partir-do-livro-a-menina-que-abraca-o-vento-na-casa-stefan-zweig\/","title":{"rendered":"Media\u00e7\u00e3o de leitura e oficina criativa a partir do livro &#8221; A menina que abra\u00e7a o vento na Casa Stefan Zweig"},"content":{"rendered":"\n<p>&#8220;A menina que abra\u00e7a o vento \u2013 a hist\u00f3ria de uma refugiada congolesa\u201d de Fernanda Paraguassu e Suryara Bernardi (Editora Voo) \u00e9 um livro infantil com uma narrativa doce e leve sobre a hist\u00f3ria de Mersene, uma garotinha que teve que se separar de parte da fam\u00edlia para fugir do triste conflito vivido na Rep\u00fablica Democr\u00e1tica do Congo. Enquanto se adapta \u00e0 nova vida no Brasil, ela cria uma brincadeira para driblar a saudade.<\/p>\n\n\n\n<p>A hist\u00f3ria de Mersene foi inspirada em hist\u00f3rias reais de diversas meninas congolesas refugiadas na cidade do Rio de Janeiro. Foi no contato com fam\u00edlias refugiadas que a autora Fernanda Paraguassu observou a tocante capacidade dessas crian\u00e7as de superar a dor e a saudade.<\/p>\n\n\n\n<p>O que representa para uma crian\u00e7a a fuga de seu pr\u00f3prio pa\u00eds, o abandono do seu lar, da sua fam\u00edlia, amigos e escola por for\u00e7a de um conflito? E para aquela que passa a conviver com um amigo que veio de fora porque teve que fugir do seu lar e precisa aprender um novo idioma? Como ajud\u00e1-lo? E o que ele traz de novidades sobre sua cultura? Seu idioma, sua m\u00fasica, sua comida, suas brincadeiras? Quais s\u00e3o as diferen\u00e7as? E as semelhan\u00e7as? Depois de descobrirem, as crian\u00e7as ser\u00e3o convidadas a transformar a leitura em arte, numa animada oficina criativa.<\/p>\n\n\n\n<p>A Casa Stefan Zweig, que tamb\u00e9m \u00e9 um Memorial do Ex\u00edlio, vem desenvolvendo esse trabalho com alunos da rede p\u00fablica de ensino, abordando temas como empatia, toler\u00e2ncia e solidariedade entre os povos.<\/p>\n\n\n\n<p>Cristina Ferreira atuou como professora por 38 anos. \u00c9 especialista em Literatura de Inf\u00e2ncia, desenvolve projetos de leitura e tamb\u00e9m \u00e9 autora de livros para todas as inf\u00e2ncias. Cristina Ferreira \u00e9 tamb\u00e9m uma das coordenadoras do Educativo da Casa Stefan Zweig.<\/p>\n\n\n\n<p>A atividade integra a programa\u00e7\u00e3o cultural da Casa Stefan Zweig 2024, que tem o patroc\u00ednio da Prefeitura Municipal de Petr\u00f3polis, por meio do Fundo Municipal de Cultura.<\/p>\n\n\n\n<p>Quando: S\u00e1bado, 29\/6, \u00e0s 15h<br>Onde: Rua Gon\u00e7alves Dias, 34 &#8211; Valpara\u00edso<br>Entrada franca<\/p>\n","protected":false},"excerpt":{"rendered":"<p>&#8220;A menina que abra\u00e7a o vento \u2013 a hist\u00f3ria de uma refugiada congolesa\u201d de Fernanda<\/p>\n","protected":false},"author":1,"featured_media":40515,"comment_status":"closed","ping_status":"open","sticky":false,"template":"","format":"standard","meta":{"spay_email":"","footnotes":"","jetpack_publicize_message":""},"categories":[1],"tags":[],"jetpack_featured_media_url":"https:\/\/i0.wp.com\/jornaldeitaipava.com.br\/wp-content\/uploads\/2024\/06\/unnamed-1.jpg?fit=1077%2C1068&ssl=1","jetpack_publicize_connections":[],"jetpack_sharing_enabled":true,"jetpack_likes_enabled":true,"jetpack-related-posts":[],"_links":{"self":[{"href":"https:\/\/jornaldeitaipava.com.br\/index.php\/wp-json\/wp\/v2\/posts\/40514"}],"collection":[{"href":"https:\/\/jornaldeitaipava.com.br\/index.php\/wp-json\/wp\/v2\/posts"}],"about":[{"href":"https:\/\/jornaldeitaipava.com.br\/index.php\/wp-json\/wp\/v2\/types\/post"}],"author":[{"embeddable":true,"href":"https:\/\/jornaldeitaipava.com.br\/index.php\/wp-json\/wp\/v2\/users\/1"}],"replies":[{"embeddable":true,"href":"https:\/\/jornaldeitaipava.com.br\/index.php\/wp-json\/wp\/v2\/comments?post=40514"}],"version-history":[{"count":1,"href":"https:\/\/jornaldeitaipava.com.br\/index.php\/wp-json\/wp\/v2\/posts\/40514\/revisions"}],"predecessor-version":[{"id":40516,"href":"https:\/\/jornaldeitaipava.com.br\/index.php\/wp-json\/wp\/v2\/posts\/40514\/revisions\/40516"}],"wp:featuredmedia":[{"embeddable":true,"href":"https:\/\/jornaldeitaipava.com.br\/index.php\/wp-json\/wp\/v2\/media\/40515"}],"wp:attachment":[{"href":"https:\/\/jornaldeitaipava.com.br\/index.php\/wp-json\/wp\/v2\/media?parent=40514"}],"wp:term":[{"taxonomy":"category","embeddable":true,"href":"https:\/\/jornaldeitaipava.com.br\/index.php\/wp-json\/wp\/v2\/categories?post=40514"},{"taxonomy":"post_tag","embeddable":true,"href":"https:\/\/jornaldeitaipava.com.br\/index.php\/wp-json\/wp\/v2\/tags?post=40514"}],"curies":[{"name":"wp","href":"https:\/\/api.w.org\/{rel}","templated":true}]}}