{"id":40520,"date":"2024-06-26T13:38:13","date_gmt":"2024-06-26T16:38:13","guid":{"rendered":"http:\/\/jornaldeitaipava.com.br\/?p=40520"},"modified":"2024-06-26T13:38:15","modified_gmt":"2024-06-26T16:38:15","slug":"piccola-arena-abre-a-mostra-roma-de-daniela-versiani-e-inaugura-piccolo-cine-que-leva-sessoes-de-cinema-na-telona","status":"publish","type":"post","link":"https:\/\/jornaldeitaipava.com.br\/index.php\/2024\/06\/26\/piccola-arena-abre-a-mostra-roma-de-daniela-versiani-e-inaugura-piccolo-cine-que-leva-sessoes-de-cinema-na-telona\/","title":{"rendered":"Piccola Arena abre a mostra &#8220;ROMA&#8221;, de Daniela Versiani, e inaugura &#8220;Piccolo cine&#8221;, que leva sess\u00f5es de cinema na telona"},"content":{"rendered":"\n<p>N\u00e3o d\u00e1 para perder: o programa \u00e9 completo e gratuito no dia 29 de junho, s\u00e1bado, na piccola arena, complexo cultural no Rocio. A casa abre a mostra ROMA, com pinturas da artista Daniela Versiani, na galeria superior, em vernissage que vai de 14h \u00e0s 18h. Logo ap\u00f3s, inaugura o novo projeto, &#8220;piccolo cine&#8221;, exibindo &#8220;Isolados&#8221;, filme que foi rodado no bairro e que conta com a participa\u00e7\u00e3o da comunidade. O diretor Tom\u00e1s Portella e o produtor Fernando Zagallo estar\u00e3o presentes para um bate-papo com a plateia, tudo regado a pipoca! E na galeria um, segue a mostra New York New York, do fot\u00f3grafo Mario de Aratanha. Ainda tem o bistr\u00f4 Divina S\u00e1lvia, funcionando a partir de meio-dia.<\/p>\n\n\n\n<p>ROMA, da artista visual e escritora Daniela Versiani, foi inspirada nas milhares de inscri\u00e7\u00f5es encontradas nos monumentos, muros e paredes daquela cidade. Produzidas entre 2023 e 2024, as pinturas guardam estreita rela\u00e7\u00e3o com a mem\u00f3ria da artista, filha de italianos. Ela visitou pela primeira vez a capital da It\u00e1lia e a sua grande arena, o Coliseu, ainda na adolesc\u00eancia, quando se impressionou com os elementos visuais, garatujas, rabiscos e desenhos encontrados nas paredes. A passagem do tempo \u00e9 um tema constante da sua pr\u00e1tica art\u00edstica, com a artista sempre fazendo pesquisas sobre o desgaste e o envelhecimento de materiais. As monumentais contradi\u00e7\u00f5es que atravessam Roma &#8211; opul\u00eancia e decad\u00eancia, antiguidade e contemporaneidade, luxo e ru\u00ednas &#8211; est\u00e3o registradas na cria\u00e7\u00e3o de Daniela, que utiliza processos de oxida\u00e7\u00e3o, corros\u00e3o e desintegra\u00e7\u00e3o em suas obras.<\/p>\n\n\n\n<p>J\u00e1 o piccolo cine trar\u00e1 sess\u00f5es regulares em tela grande no teatro de arena, oficinas de forma\u00e7\u00e3o de audiovisual para jovens, cineclubinho tem\u00e1tico para escolas, al\u00e9m de possibilitar recursos tecnol\u00f3gicos para as mostras de arte visual. &#8220;Nossa inten\u00e7\u00e3o \u00e9 espraiar o audiovisual por todas as artes, e n\u00e3o s\u00f3 restringi-lo a sess\u00f5es de cinema. As exposi\u00e7\u00f5es, por exemplo, j\u00e1 podem contar a partir de agora com recursos tecnol\u00f3gicos&#8221;, diz Jeanne Duarte, curadora da piccola arena. O projeto foi contemplado pela Lei Paulo Gustavo RJ, atrav\u00e9s da Secretaria de Cultura e Economia Criativa do RJ, Minist\u00e9rio da Cultura e Governo do Brasil.<\/p>\n\n\n\n<p>&#8220;A chegada do piccolo cine na arena \u00e9 um marco na nossa hist\u00f3ria. J\u00e1 t\u00ednhamos a ocupa\u00e7\u00e3o das galerias, shows, teatro, visita\u00e7\u00e3o ao acervo e um trabalho com as escolas. Agora somamos o cinema, fechando o ciclo cultural&#8221;, diz Mauricio de Mem\u00f3ria, fundador do espa\u00e7o.<\/p>\n\n\n\n<p>Servi\u00e7o: dia 29 de junho, s\u00e1bado, na piccola arena<br>ROMA &#8211; pinturas de Daniela Versiani<br>Galeria superior<br>abertura: de 14h \u00e0s 18h<\/p>\n\n\n\n<p>At\u00e9 04 de agosto<br>ISOLADOS &#8211; filme de Tomas Portella<br>inaugura\u00e7\u00e3o do projeto piccolo cine<br>Teatro de Arena<br>com a presen\u00e7a do diretor e do produtor do filme<br>sess\u00e3o: 18h<br>Cinema e pipoca gr\u00e1tis<\/p>\n\n\n\n<p>NEW YORK NEW YORK &#8211; fotografias de Mario de Aratanha<br>Galeria um<br>At\u00e9 7 de julho<br>O bistr\u00f4 Divina S\u00e1lvia estar\u00e1 aberto durante todo o evento.<br>piccola arena &#8211; Estrada do Rocio, 3507 tel 22439311 (Para chegar: entrar no km 76 da BR040 &#8211; placa Cindacta\/Rocio &#8211; sentido Juiz de Fora- Rio. Rodar mais 3km pavimentados. A piccola arena estar\u00e1 \u00e0 esquerda, sinalizada)<\/p>\n","protected":false},"excerpt":{"rendered":"<p>N\u00e3o d\u00e1 para perder: o programa \u00e9 completo e gratuito no dia 29 de junho,<\/p>\n","protected":false},"author":1,"featured_media":40521,"comment_status":"closed","ping_status":"open","sticky":false,"template":"","format":"standard","meta":{"spay_email":"","footnotes":"","jetpack_publicize_message":""},"categories":[1],"tags":[],"jetpack_featured_media_url":"https:\/\/i1.wp.com\/jornaldeitaipava.com.br\/wp-content\/uploads\/2024\/06\/piccola-vista-da-esquerda-para-direita-de-dentro.jpg?fit=1000%2C667&ssl=1","jetpack_publicize_connections":[],"jetpack_sharing_enabled":true,"jetpack_likes_enabled":true,"jetpack-related-posts":[],"_links":{"self":[{"href":"https:\/\/jornaldeitaipava.com.br\/index.php\/wp-json\/wp\/v2\/posts\/40520"}],"collection":[{"href":"https:\/\/jornaldeitaipava.com.br\/index.php\/wp-json\/wp\/v2\/posts"}],"about":[{"href":"https:\/\/jornaldeitaipava.com.br\/index.php\/wp-json\/wp\/v2\/types\/post"}],"author":[{"embeddable":true,"href":"https:\/\/jornaldeitaipava.com.br\/index.php\/wp-json\/wp\/v2\/users\/1"}],"replies":[{"embeddable":true,"href":"https:\/\/jornaldeitaipava.com.br\/index.php\/wp-json\/wp\/v2\/comments?post=40520"}],"version-history":[{"count":1,"href":"https:\/\/jornaldeitaipava.com.br\/index.php\/wp-json\/wp\/v2\/posts\/40520\/revisions"}],"predecessor-version":[{"id":40522,"href":"https:\/\/jornaldeitaipava.com.br\/index.php\/wp-json\/wp\/v2\/posts\/40520\/revisions\/40522"}],"wp:featuredmedia":[{"embeddable":true,"href":"https:\/\/jornaldeitaipava.com.br\/index.php\/wp-json\/wp\/v2\/media\/40521"}],"wp:attachment":[{"href":"https:\/\/jornaldeitaipava.com.br\/index.php\/wp-json\/wp\/v2\/media?parent=40520"}],"wp:term":[{"taxonomy":"category","embeddable":true,"href":"https:\/\/jornaldeitaipava.com.br\/index.php\/wp-json\/wp\/v2\/categories?post=40520"},{"taxonomy":"post_tag","embeddable":true,"href":"https:\/\/jornaldeitaipava.com.br\/index.php\/wp-json\/wp\/v2\/tags?post=40520"}],"curies":[{"name":"wp","href":"https:\/\/api.w.org\/{rel}","templated":true}]}}