{"id":40533,"date":"2024-06-27T11:17:43","date_gmt":"2024-06-27T14:17:43","guid":{"rendered":"http:\/\/jornaldeitaipava.com.br\/?p=40533"},"modified":"2024-06-27T11:17:45","modified_gmt":"2024-06-27T14:17:45","slug":"casa-de-petropolis-busca-apoiadores-para-restauro-e-revitalizacao","status":"publish","type":"post","link":"https:\/\/jornaldeitaipava.com.br\/index.php\/2024\/06\/27\/casa-de-petropolis-busca-apoiadores-para-restauro-e-revitalizacao\/","title":{"rendered":"Casa de Petr\u00f3polis busca apoiadores para restauro e revitaliza\u00e7\u00e3o"},"content":{"rendered":"\n<p>Projeto executivo de capta\u00e7\u00e3o de recursos foi aprovado pela Lei de Incentivo Federal do Minist\u00e9rio da Cultura e visa preservar o importante patrim\u00f4nio hist\u00f3rico e cultural da cidade<br>A Casa de Petr\u00f3polis Instituto de Cultura (CPIC) est\u00e1 buscando apoiadores para a restaura\u00e7\u00e3o e revitaliza\u00e7\u00e3o do im\u00f3vel hist\u00f3rico, constru\u00e7\u00e3o do s\u00e9culo 19 que integra o patrim\u00f4nio cultural de Petr\u00f3polis, por meio de uma campanha de capta\u00e7\u00e3o de recursos. O projeto executivo foi aprovado pela Lei de Incentivo Federal do Minist\u00e9rio da Cultura (PRONAC 238424).<\/p>\n\n\n\n<p>O projeto tem como meta arrecadar cerca de R$ 3 milh\u00f5es, que ser\u00e3o utilizados para contratar uma empresa especializada na elabora\u00e7\u00e3o de um plano detalhado de revitaliza\u00e7\u00e3o, conserva\u00e7\u00e3o, reformas e adapta\u00e7\u00f5es. O principal objetivo \u00e9 preservar a arquitetura e o acervo da Casa de Petr\u00f3polis, garantindo sua integridade e continuidade como um ponto de refer\u00eancia cultural.<\/p>\n\n\n\n<p>Al\u00e9m de uma interven\u00e7\u00e3o f\u00edsica, a restaura\u00e7\u00e3o da Casa de Petr\u00f3polis \u00e9 vista como um investimento na identidade cultural da cidade. A CPIC, ao longo dos anos, consolidou-se como um centro de excel\u00eancia em pesquisa e atividades multidisciplinares, abrangendo \u00e1reas como artes, arquitetura, paisagismo, hist\u00f3ria e educa\u00e7\u00e3o patrimonial.<\/p>\n\n\n\n<p>\u201cA Casa de Petr\u00f3polis representa um patrim\u00f4nio vivo, e o patroc\u00ednio ao projeto executivo \u00e9 considerado um legado para as futuras gera\u00e7\u00f5es. A preserva\u00e7\u00e3o desse espa\u00e7o oferece a oportunidade de colaborar ativamente com a dissemina\u00e7\u00e3o da heran\u00e7a cultural de Petr\u00f3polis, beneficiando tanto os moradores locais quanto os visitantes\u201d, diz Nat\u00e1lia Azevedo, diretora executiva do espa\u00e7o.<\/p>\n\n\n\n<p>Os patrocinadores do projeto ter\u00e3o a chance de associar suas marcas ao enriquecimento cultural da regi\u00e3o, obtendo visibilidade em todas as etapas do processo, desde a elabora\u00e7\u00e3o at\u00e9 a conclus\u00e3o da restaura\u00e7\u00e3o. Interessados em apoiar a iniciativa podem entrar em contato com a administra\u00e7\u00e3o da Casa de Petr\u00f3polis pelo e-mail: contato@culturacasadepetropolis.com.br.<\/p>\n\n\n\n<p><strong>Sobre a casa<br><\/strong>A Casa de Petr\u00f3polis foi constru\u00edda por Jos\u00e9 Tavares Guerra, que ap\u00f3s estudar na Europa, decidiu estabelecer sua resid\u00eancia em Petr\u00f3polis, incorporando os estilos europeus modernizados do final do s\u00e9culo 19. Foi uma das primeiras resid\u00eancias a contar com ilumina\u00e7\u00e3o el\u00e9trica na cidade, e seus jardins foram projetados pelo renomado bot\u00e2nico Auguste Glaziou.<\/p>\n","protected":false},"excerpt":{"rendered":"<p>Projeto executivo de capta\u00e7\u00e3o de recursos foi aprovado pela Lei de Incentivo Federal do Minist\u00e9rio<\/p>\n","protected":false},"author":1,"featured_media":16066,"comment_status":"closed","ping_status":"open","sticky":false,"template":"","format":"standard","meta":{"spay_email":"","footnotes":"","jetpack_publicize_message":""},"categories":[1],"tags":[],"jetpack_featured_media_url":"https:\/\/i1.wp.com\/jornaldeitaipava.com.br\/wp-content\/uploads\/2021\/06\/casa-7-erros.png?fit=837%2C536&ssl=1","jetpack_publicize_connections":[],"jetpack_sharing_enabled":true,"jetpack_likes_enabled":true,"jetpack-related-posts":[],"_links":{"self":[{"href":"https:\/\/jornaldeitaipava.com.br\/index.php\/wp-json\/wp\/v2\/posts\/40533"}],"collection":[{"href":"https:\/\/jornaldeitaipava.com.br\/index.php\/wp-json\/wp\/v2\/posts"}],"about":[{"href":"https:\/\/jornaldeitaipava.com.br\/index.php\/wp-json\/wp\/v2\/types\/post"}],"author":[{"embeddable":true,"href":"https:\/\/jornaldeitaipava.com.br\/index.php\/wp-json\/wp\/v2\/users\/1"}],"replies":[{"embeddable":true,"href":"https:\/\/jornaldeitaipava.com.br\/index.php\/wp-json\/wp\/v2\/comments?post=40533"}],"version-history":[{"count":1,"href":"https:\/\/jornaldeitaipava.com.br\/index.php\/wp-json\/wp\/v2\/posts\/40533\/revisions"}],"predecessor-version":[{"id":40534,"href":"https:\/\/jornaldeitaipava.com.br\/index.php\/wp-json\/wp\/v2\/posts\/40533\/revisions\/40534"}],"wp:featuredmedia":[{"embeddable":true,"href":"https:\/\/jornaldeitaipava.com.br\/index.php\/wp-json\/wp\/v2\/media\/16066"}],"wp:attachment":[{"href":"https:\/\/jornaldeitaipava.com.br\/index.php\/wp-json\/wp\/v2\/media?parent=40533"}],"wp:term":[{"taxonomy":"category","embeddable":true,"href":"https:\/\/jornaldeitaipava.com.br\/index.php\/wp-json\/wp\/v2\/categories?post=40533"},{"taxonomy":"post_tag","embeddable":true,"href":"https:\/\/jornaldeitaipava.com.br\/index.php\/wp-json\/wp\/v2\/tags?post=40533"}],"curies":[{"name":"wp","href":"https:\/\/api.w.org\/{rel}","templated":true}]}}