{"id":40631,"date":"2024-07-02T15:43:24","date_gmt":"2024-07-02T18:43:24","guid":{"rendered":"http:\/\/jornaldeitaipava.com.br\/?p=40631"},"modified":"2024-07-02T15:43:29","modified_gmt":"2024-07-02T18:43:29","slug":"ultima-semana-de-bauernfest-saiba-como-aproveitar","status":"publish","type":"post","link":"https:\/\/jornaldeitaipava.com.br\/index.php\/2024\/07\/02\/ultima-semana-de-bauernfest-saiba-como-aproveitar\/","title":{"rendered":"\u00daltima semana de Bauernfest: saiba como aproveitar"},"content":{"rendered":"\n<p>Festival de Poesia, Baile da Gera\u00e7\u00e3o Prateada e Desfile Folcl\u00f3rico s\u00e3o os destaques da semana<br>A 35\u00aa Bauernfest entra na sua \u00faltima semana de programa\u00e7\u00e3o. O evento segue at\u00e9 domingo (07), com muita m\u00fasica e dan\u00e7a, com as bandas e grupos folcl\u00f3ricos, atividades infantis, e muito mais.<\/p>\n\n\n\n<p>\u201cEstamos muito felizes com o sucesso de mais uma edi\u00e7\u00e3o da Bauernfest. Recebemos um grande n\u00famero de visitantes nos dois finais de semana e a expectativa para este \u00faltimo fim de semana \u00e9 ainda maior, com uma programa\u00e7\u00e3o extensa para toda a fam\u00edlia\u201d, disse o prefeito, Rubens Bomtempo.<\/p>\n\n\n\n<p>Na ter\u00e7a-feira (02), \u00e0s 19h o destaque vai para a apresenta\u00e7\u00e3o de contos folcl\u00f3ricos: Era ou \u00e9 uma vez? &#8211; Dan\u00e7ando os contos dos Irm\u00e3os Grimm, que acontece no Palco Koblenz, no Pal\u00e1cio de Cristal. J\u00e1 na quarta-feira (03), \u00e0s 15h, o Baile da Gera\u00e7\u00e3o Prateada \u00e9 um dos destaques da programa\u00e7\u00e3o no Pal\u00e1cio. Este \u00e9 o segundo baile desta edi\u00e7\u00e3o da Bauernfest. No mesmo dia, a partir das 19h, acontece o Festival de Poesia da 35\u00aa Bauernfest, tamb\u00e9m no Palco Koblenz.<\/p>\n\n\n\n<p>\u201cA Bauernfest \u00e9 uma festa para toda fam\u00edlia e nesta edi\u00e7\u00e3o conseguimos preparar uma programa\u00e7\u00e3o repleta de atrativos para todas as idades. Convidamos todos os visitantes e petropolitanos para que possam aproveitar com a gente essa \u00faltima semana da festa mais querida da cidade\u201d, comentou a secret\u00e1ria de Cultura, Diana Iliescu.<\/p>\n\n\n\n<p>Na quarta-feira (03), a partir das 15h as crian\u00e7as poder\u00e3o aproveitar exibi\u00e7\u00e3o de anima\u00e7\u00f5es infantis na sala Cine Humberto Mauro no Centro de Cultura Raul de Leoni. Ser\u00e3o exibidos seis filmes de anima\u00e7\u00e3o relacionados ao famoso cineasta alem\u00e3o Lotte Reininger.<\/p>\n\n\n\n<p>Promovida pela Prefeitura de Petr\u00f3polis com o apoio do Clube 29 de Junho, a Bauernfest tem o patroc\u00ednio do Governo Federal, da Caixa, do Embratur, da \u00c1guas do Imperador e da Secretaria de Turismo do Estado do Rio de Janeiro. A Imp\u00e9rio \u00e9 a fornecedora do chope oficial da Bauern.<\/p>\n\n\n\n<p>A 35\u00aa Edi\u00e7\u00e3o da Bauernfest vai at\u00e9 o dia 7 de julho, com hor\u00e1rio de funcionamento das ter\u00e7as \u00e0s quintas de 12h \u00e0s 22h, sextas e s\u00e1bados de 10h \u00e0s 00h e aos domingos de 10h \u00e0s 22h. A programa\u00e7\u00e3o \u00e9 gratuita e est\u00e1 dispon\u00edvel no site da Prefeitura (petropolis.rj.gov.br) e no Instagram (petropolis_pmp).<\/p>\n","protected":false},"excerpt":{"rendered":"<p>Festival de Poesia, Baile da Gera\u00e7\u00e3o Prateada e Desfile Folcl\u00f3rico s\u00e3o os destaques da semanaA<\/p>\n","protected":false},"author":1,"featured_media":30707,"comment_status":"closed","ping_status":"open","sticky":false,"template":"","format":"standard","meta":{"spay_email":"","footnotes":"","jetpack_publicize_message":""},"categories":[42],"tags":[],"jetpack_featured_media_url":"https:\/\/i2.wp.com\/jornaldeitaipava.com.br\/wp-content\/uploads\/2022\/09\/BAUERRRRR.png?fit=665%2C450&ssl=1","jetpack_publicize_connections":[],"jetpack_sharing_enabled":true,"jetpack_likes_enabled":true,"jetpack-related-posts":[],"_links":{"self":[{"href":"https:\/\/jornaldeitaipava.com.br\/index.php\/wp-json\/wp\/v2\/posts\/40631"}],"collection":[{"href":"https:\/\/jornaldeitaipava.com.br\/index.php\/wp-json\/wp\/v2\/posts"}],"about":[{"href":"https:\/\/jornaldeitaipava.com.br\/index.php\/wp-json\/wp\/v2\/types\/post"}],"author":[{"embeddable":true,"href":"https:\/\/jornaldeitaipava.com.br\/index.php\/wp-json\/wp\/v2\/users\/1"}],"replies":[{"embeddable":true,"href":"https:\/\/jornaldeitaipava.com.br\/index.php\/wp-json\/wp\/v2\/comments?post=40631"}],"version-history":[{"count":1,"href":"https:\/\/jornaldeitaipava.com.br\/index.php\/wp-json\/wp\/v2\/posts\/40631\/revisions"}],"predecessor-version":[{"id":40632,"href":"https:\/\/jornaldeitaipava.com.br\/index.php\/wp-json\/wp\/v2\/posts\/40631\/revisions\/40632"}],"wp:featuredmedia":[{"embeddable":true,"href":"https:\/\/jornaldeitaipava.com.br\/index.php\/wp-json\/wp\/v2\/media\/30707"}],"wp:attachment":[{"href":"https:\/\/jornaldeitaipava.com.br\/index.php\/wp-json\/wp\/v2\/media?parent=40631"}],"wp:term":[{"taxonomy":"category","embeddable":true,"href":"https:\/\/jornaldeitaipava.com.br\/index.php\/wp-json\/wp\/v2\/categories?post=40631"},{"taxonomy":"post_tag","embeddable":true,"href":"https:\/\/jornaldeitaipava.com.br\/index.php\/wp-json\/wp\/v2\/tags?post=40631"}],"curies":[{"name":"wp","href":"https:\/\/api.w.org\/{rel}","templated":true}]}}