{"id":40633,"date":"2024-07-02T15:44:43","date_gmt":"2024-07-02T18:44:43","guid":{"rendered":"http:\/\/jornaldeitaipava.com.br\/?p=40633"},"modified":"2024-07-02T15:44:52","modified_gmt":"2024-07-02T18:44:52","slug":"aluguel-social-recadastramento-comeca-na-quinta-feira","status":"publish","type":"post","link":"https:\/\/jornaldeitaipava.com.br\/index.php\/2024\/07\/02\/aluguel-social-recadastramento-comeca-na-quinta-feira\/","title":{"rendered":"Aluguel Social: recadastramento come\u00e7a na quinta-feira"},"content":{"rendered":"\n<p class=\"has-text-align-center\"><strong>Lista no site da Prefeitura tem nome, dia e hora dos atendimentos<\/strong><\/p>\n\n\n\n<p>Os benefici\u00e1rios do Aluguel Social referente \u00e0s chuvas de 2022 devem ficar atentos. Quem recebe o benef\u00edcio de forma compartilhada entre munic\u00edpio (at\u00e9 R$ 200) e estado (R$ 800) passar\u00e1 por um recadastramento pela Prefeitura.<\/p>\n\n\n\n<p>Ser\u00e1 de 4 de julho a 18 de setembro. No Centro de Cultura Raul de Leoni, na Pra\u00e7a Visconde de Mau\u00e1 (Pra\u00e7a da \u00c1guia), no Centro.<\/p>\n\n\n\n<p>A lista com os nomes dos benefici\u00e1rios est\u00e1 no site da Prefeitura (www.petropolis.rj.gov.br\/recadastramento). L\u00e1, junto ao nome do benefici\u00e1rio, est\u00e3o o dia e a hora do agendamento. Tamb\u00e9m est\u00e1 na lista a documenta\u00e7\u00e3o (veja abaixo) que a pessoa deve levar.<\/p>\n\n\n\n<p>\u201c\u00c9 um procedimento padr\u00e3o. Fazemos todo ano. Assim a gente garante o Aluguel Social para quem de fato tem direito a ele. E sempre fazemos isso com muito respeito ao benefici\u00e1rio. Com esse sistema de agendamento, para evitar filas e longas esperas\u201d, disse o prefeito Rubens Bomtempo.<\/p>\n\n\n\n<p>O objetivo do recadastramento anual \u00e9 garantir a lisura do processo, fazer a triagem de quem tem direito ao benef\u00edcio e evitar qualquer tentativa de burlar os sistemas.<\/p>\n\n\n\n<p>\u201cPreparamos tudo para dar conforto ao benefici\u00e1rio. A orienta\u00e7\u00e3o \u00e9 para que o benefici\u00e1rio acesse o site, procure o nome na lista e compare\u00e7a no dia e na hora marcados\u201d, disse a secret\u00e1ria de Assist\u00eancia Social, Valesca Gon\u00e7alves.<\/p>\n\n\n\n<p>Documentos necess\u00e1rios (original e c\u00f3pia)<\/p>\n\n\n\n<p>De todos os membros da fam\u00edlia:<\/p>\n\n\n\n<ul>\n<li>Certid\u00e3o de nascimento \/ casamento<\/li>\n\n\n\n<li>RG<\/li>\n\n\n\n<li>CPF<\/li>\n\n\n\n<li>Carteira de Trabalho e\/ou comprovante de renda (caso o emprego seja informal, declara\u00e7\u00e3o de pr\u00f3prio punho do ganho informal)<\/li>\n<\/ul>\n\n\n\n<p>No nome do benefici\u00e1rio:<\/p>\n\n\n\n<ul>\n<li>Comprovante de resid\u00eancia atual<\/li>\n\n\n\n<li>Comprovante de resid\u00eancia do im\u00f3vel interditado com data da \u00e9poca das chuvas (fevereiro ou mar\u00e7o de 2022)<\/li>\n<\/ul>\n\n\n\n<p>Outros documentos:<\/p>\n\n\n\n<ul>\n<li>Documento de propriedade ou posse do im\u00f3vel interditado (ou declara\u00e7\u00e3o de propriedade fornecida pelo Estado)<\/li>\n\n\n\n<li>Contrato de loca\u00e7\u00e3o com firma reconhecida, com c\u00f3pia de RG, CPF e dados banc\u00e1rios do propriet\u00e1rio<\/li>\n\n\n\n<li>Laudo de interdi\u00e7\u00e3o atual ou de destrui\u00e7\u00e3o total do imovel (RO)<\/li>\n<\/ul>\n","protected":false},"excerpt":{"rendered":"<p>Lista no site da Prefeitura tem nome, dia e hora dos atendimentos Os benefici\u00e1rios do<\/p>\n","protected":false},"author":1,"featured_media":26715,"comment_status":"closed","ping_status":"open","sticky":false,"template":"","format":"standard","meta":{"spay_email":"","footnotes":"","jetpack_publicize_message":""},"categories":[24],"tags":[],"jetpack_featured_media_url":"https:\/\/i2.wp.com\/jornaldeitaipava.com.br\/wp-content\/uploads\/2022\/04\/aluguel-social.jpg?fit=300%2C168&ssl=1","jetpack_publicize_connections":[],"jetpack_sharing_enabled":true,"jetpack_likes_enabled":true,"jetpack-related-posts":[],"_links":{"self":[{"href":"https:\/\/jornaldeitaipava.com.br\/index.php\/wp-json\/wp\/v2\/posts\/40633"}],"collection":[{"href":"https:\/\/jornaldeitaipava.com.br\/index.php\/wp-json\/wp\/v2\/posts"}],"about":[{"href":"https:\/\/jornaldeitaipava.com.br\/index.php\/wp-json\/wp\/v2\/types\/post"}],"author":[{"embeddable":true,"href":"https:\/\/jornaldeitaipava.com.br\/index.php\/wp-json\/wp\/v2\/users\/1"}],"replies":[{"embeddable":true,"href":"https:\/\/jornaldeitaipava.com.br\/index.php\/wp-json\/wp\/v2\/comments?post=40633"}],"version-history":[{"count":1,"href":"https:\/\/jornaldeitaipava.com.br\/index.php\/wp-json\/wp\/v2\/posts\/40633\/revisions"}],"predecessor-version":[{"id":40634,"href":"https:\/\/jornaldeitaipava.com.br\/index.php\/wp-json\/wp\/v2\/posts\/40633\/revisions\/40634"}],"wp:featuredmedia":[{"embeddable":true,"href":"https:\/\/jornaldeitaipava.com.br\/index.php\/wp-json\/wp\/v2\/media\/26715"}],"wp:attachment":[{"href":"https:\/\/jornaldeitaipava.com.br\/index.php\/wp-json\/wp\/v2\/media?parent=40633"}],"wp:term":[{"taxonomy":"category","embeddable":true,"href":"https:\/\/jornaldeitaipava.com.br\/index.php\/wp-json\/wp\/v2\/categories?post=40633"},{"taxonomy":"post_tag","embeddable":true,"href":"https:\/\/jornaldeitaipava.com.br\/index.php\/wp-json\/wp\/v2\/tags?post=40633"}],"curies":[{"name":"wp","href":"https:\/\/api.w.org\/{rel}","templated":true}]}}