{"id":40663,"date":"2024-07-04T11:46:08","date_gmt":"2024-07-04T14:46:08","guid":{"rendered":"http:\/\/jornaldeitaipava.com.br\/?p=40663"},"modified":"2024-07-04T11:46:10","modified_gmt":"2024-07-04T14:46:10","slug":"concurso-de-poesia-leva-150-pessoas-a-bauernfest","status":"publish","type":"post","link":"https:\/\/jornaldeitaipava.com.br\/index.php\/2024\/07\/04\/concurso-de-poesia-leva-150-pessoas-a-bauernfest\/","title":{"rendered":"Concurso de poesia leva 150 pessoas \u00e0 Bauernfest"},"content":{"rendered":"\n<p>Ontem, dia 3 de julho, na Bauernfest, no Pal\u00e1cio de Cristal, ocorreu o evento anual Concurso de Poesia da Bauernfest, com p\u00fablico de mais de 150 pessoas.<br>Participaram do concurso cerca de 80 poetas, sendo selecionados cerca de 25 finalistas para apresentar seus poemas aos jurados. 12 escolas participaram do evento.<br>Entre os selecionados, surpreendeu a quantidade de presentes, mais de 95% dos finalistas.<br>O corpo de jurados foi formado pela professora e poetisa Fernanda Forster e pelos poetas acad\u00eamicos da Academia Brasileira de Poesia &#8211; Casa de Raul de Leoni, Shirley Vilhena e prof. Jo\u00e3o Carlos Bini.<br>Catarina Maul, escritora, editora e produtora executiva da Bem Cultural Editora, contou com assessoria de produ\u00e7\u00e3o de Erika Maul. As fotografias s\u00e3o de Luana Lagreca. Os trof\u00e9us artesanais s\u00e3o de Fl\u00e1via Miranda.<br>O evento \u00e9 uma realiza\u00e7\u00e3o da Prefeitura de Petr\u00f3polis, atrav\u00e9s do Instituto Municipal de Cultura. Na edi\u00e7\u00e3o de 2024, a homenagem foi a Arnaldo Rippel, idealizador do festival, falecido em abril.<br>Na categoria infantil os vencedores s\u00e3o: 1\u00ba lugar &#8211; Igor de Carvalho Rodrigues ( E. M. Arnaldo Dyckerhoff), 2\u00ba lugar e Melhor Int\u00e9rprete &#8211; Maria Lu\u00edsa Quimas de Oliveira (E. M. Arnaldo Dyckerhoff) e 3\u00ba lugar &#8211; Caio Miari da Rocha (IPAE).<br>Na categoria juvenil os vencedores s\u00e3o: 1\u00ba lugar &#8211; Gabriel Alves de Oliveira (E. M. Augusto Pugnaloni), 2\u00ba lugar &#8211; Luis Ot\u00e1vio da Silva Fernandes (E. M. Augusto Pugnaloni), 3\u00ba lugar &#8211; Izabella Alves Gaiafa (E. M. Salvador Kling) e Melhor int\u00e9rprete &#8211; Celina de Oliveira Santos Rocha ( E. M. Augusto Pugnaloni.<br>Na categoria adultos, 1\u00ba lugar &#8211; Mirian Leipner, 2\u00ba e melhor int\u00e9rprete &#8211; Luiz Carlos Rodrigues Soares e 3\u00ba lugar, Felipe Filgueiras Facklam<br>Sigam e marquem as redes da coordenadora @catarinamaul e da @bemculturaleditora nas fotos publicadas.<\/p>\n","protected":false},"excerpt":{"rendered":"<p>Ontem, dia 3 de julho, na Bauernfest, no Pal\u00e1cio de Cristal, ocorreu o evento anual<\/p>\n","protected":false},"author":1,"featured_media":40664,"comment_status":"closed","ping_status":"open","sticky":false,"template":"","format":"standard","meta":{"spay_email":"","footnotes":"","jetpack_publicize_message":""},"categories":[1],"tags":[],"jetpack_featured_media_url":"https:\/\/i1.wp.com\/jornaldeitaipava.com.br\/wp-content\/uploads\/2024\/07\/WhatsApp-Image-2024-07-04-at-08.45.36.jpeg?fit=1000%2C662&ssl=1","jetpack_publicize_connections":[],"jetpack_sharing_enabled":true,"jetpack_likes_enabled":true,"jetpack-related-posts":[],"_links":{"self":[{"href":"https:\/\/jornaldeitaipava.com.br\/index.php\/wp-json\/wp\/v2\/posts\/40663"}],"collection":[{"href":"https:\/\/jornaldeitaipava.com.br\/index.php\/wp-json\/wp\/v2\/posts"}],"about":[{"href":"https:\/\/jornaldeitaipava.com.br\/index.php\/wp-json\/wp\/v2\/types\/post"}],"author":[{"embeddable":true,"href":"https:\/\/jornaldeitaipava.com.br\/index.php\/wp-json\/wp\/v2\/users\/1"}],"replies":[{"embeddable":true,"href":"https:\/\/jornaldeitaipava.com.br\/index.php\/wp-json\/wp\/v2\/comments?post=40663"}],"version-history":[{"count":1,"href":"https:\/\/jornaldeitaipava.com.br\/index.php\/wp-json\/wp\/v2\/posts\/40663\/revisions"}],"predecessor-version":[{"id":40665,"href":"https:\/\/jornaldeitaipava.com.br\/index.php\/wp-json\/wp\/v2\/posts\/40663\/revisions\/40665"}],"wp:featuredmedia":[{"embeddable":true,"href":"https:\/\/jornaldeitaipava.com.br\/index.php\/wp-json\/wp\/v2\/media\/40664"}],"wp:attachment":[{"href":"https:\/\/jornaldeitaipava.com.br\/index.php\/wp-json\/wp\/v2\/media?parent=40663"}],"wp:term":[{"taxonomy":"category","embeddable":true,"href":"https:\/\/jornaldeitaipava.com.br\/index.php\/wp-json\/wp\/v2\/categories?post=40663"},{"taxonomy":"post_tag","embeddable":true,"href":"https:\/\/jornaldeitaipava.com.br\/index.php\/wp-json\/wp\/v2\/tags?post=40663"}],"curies":[{"name":"wp","href":"https:\/\/api.w.org\/{rel}","templated":true}]}}