{"id":40666,"date":"2024-07-04T11:48:11","date_gmt":"2024-07-04T14:48:11","guid":{"rendered":"http:\/\/jornaldeitaipava.com.br\/?p=40666"},"modified":"2024-07-04T11:48:15","modified_gmt":"2024-07-04T14:48:15","slug":"clara-40-anos-de-saudade-celebra-a-obra-de-clara-nunes-na-voz-de-monica-campos-na-casastefan-zweig","status":"publish","type":"post","link":"https:\/\/jornaldeitaipava.com.br\/index.php\/2024\/07\/04\/clara-40-anos-de-saudade-celebra-a-obra-de-clara-nunes-na-voz-de-monica-campos-na-casastefan-zweig\/","title":{"rendered":"\u201cClara \u2013 40 anos de saudade\u201d celebra a obra de Clara Nunes na voz de Monica Campos na CasaStefan Zweig"},"content":{"rendered":"\n<p>A Casa Stefan Zweig tem o prazer de apresentar o concerto \u201cClara \u2013 40 anos de Saudade\u201d, em que Monica Campos interpreta os maiores sucessos da cantora, neste s\u00e1bado, 06\/07, \u00e0s 11h, com entrada franca e lugares limitados.<br>Radicada em Petr\u00f3polis, Monica Campos presta uma homenagem a Clara Nunes com seu projeto que visa manter viva a mem\u00f3ria desta grande cantora e de suas inesquec\u00edveis interpreta\u00e7\u00f5es de samba e can\u00e7\u00f5es de famosos compositores brasileiros. \u201cO objetivo \u00e9 mostrar a brasilidade de Clara, a primeira cantora de sua \u00e9poca a vender 100 mil c\u00f3pias, e apresentar para as novas gera\u00e7\u00f5es e para deleite das antigas que Clara Nunes permanece viva e pulsante, e que seu gingado, musicalidade e mem\u00f3ria atravessam o tempo\u201d diz a cantora Monica Campos.<br>O repertorio abrange can\u00e7\u00f5es como a cl\u00e1ssica \u201cO Mar Serenou (Candeia)\u201d, \u201cMorena da Angola\u201d (Chico Buarque), \u201cNa Linha do Mar\u201d (Paulinho da Viola), \u201cAlvorada\u201d (Cartola), al\u00e9m de \u201cA Deusa dos Orix\u00e1s\u201d (Toninho Nascimento \/ Romildo Bastos); \u201cJu\u00edzo Final\u201d (\u00c9lcio Soares \/ Nelson Cavaquinho), e sucessos de Elton Medeiros, Mauro Duarte, Paulo C\u00e9sar Pinheiro, Jo\u00e3o Nogueira.<br>A cantora Monica Campos ser\u00e1 acompanhada por Jonatan Francisco Bernardo (cavaquinho), Guto Menezes (viol\u00e3o), Wellington Ferreira (trombone), Sab\u00e3o Batukda e Felipe Teresa (percuss\u00e3o).<br>A atividade integra a programa\u00e7\u00e3o cultural da Casa Stefan Zweig 2024, que tem o patroc\u00ednio da Prefeitura de Petr\u00f3polis, por meio do Fundo Municipal de Cultura.<\/p>\n\n\n\n<p><strong>Sobre a Casa Stefan Zweig<br><\/strong>A CASA STEFAN ZWEIG \u00e9 uma entidade cultural de direito privado, sem fins lucrativos, que homenageia a mem\u00f3ria do escritor austr\u00edaco na que casa que foi sua \u00faltima morada. \u00c9 tamb\u00e9m um Memorial do Ex\u00edlio destinado a divulgar as obras de outros artistas, intelectuais e cientistas que se refugiaram no Brasil durante no per\u00edodo 1933-1945 e que contribu\u00edram para a cultura, as artes e a ci\u00eancia do pa\u00eds. Fiel ao ide\u00e1rio de Zweig, \u00e9 um centro de refer\u00eancia em defesa da paz, do humanismo e da democracia e esteve entre as finalistas do Pr\u00eamio Simon Wiesenthal 2023, criado pelo Parlamento austr\u00edaco.<\/p>\n","protected":false},"excerpt":{"rendered":"<p>A Casa Stefan Zweig tem o prazer de apresentar o concerto \u201cClara \u2013 40 anos<\/p>\n","protected":false},"author":1,"featured_media":40667,"comment_status":"closed","ping_status":"open","sticky":false,"template":"","format":"standard","meta":{"spay_email":"","footnotes":"","jetpack_publicize_message":""},"categories":[1],"tags":[],"jetpack_featured_media_url":"https:\/\/i2.wp.com\/jornaldeitaipava.com.br\/wp-content\/uploads\/2024\/07\/WhatsApp-Image-2024-06-24-at-12.47.35-scaled.jpeg?fit=2560%2C1706&ssl=1","jetpack_publicize_connections":[],"jetpack_sharing_enabled":true,"jetpack_likes_enabled":true,"jetpack-related-posts":[],"_links":{"self":[{"href":"https:\/\/jornaldeitaipava.com.br\/index.php\/wp-json\/wp\/v2\/posts\/40666"}],"collection":[{"href":"https:\/\/jornaldeitaipava.com.br\/index.php\/wp-json\/wp\/v2\/posts"}],"about":[{"href":"https:\/\/jornaldeitaipava.com.br\/index.php\/wp-json\/wp\/v2\/types\/post"}],"author":[{"embeddable":true,"href":"https:\/\/jornaldeitaipava.com.br\/index.php\/wp-json\/wp\/v2\/users\/1"}],"replies":[{"embeddable":true,"href":"https:\/\/jornaldeitaipava.com.br\/index.php\/wp-json\/wp\/v2\/comments?post=40666"}],"version-history":[{"count":1,"href":"https:\/\/jornaldeitaipava.com.br\/index.php\/wp-json\/wp\/v2\/posts\/40666\/revisions"}],"predecessor-version":[{"id":40668,"href":"https:\/\/jornaldeitaipava.com.br\/index.php\/wp-json\/wp\/v2\/posts\/40666\/revisions\/40668"}],"wp:featuredmedia":[{"embeddable":true,"href":"https:\/\/jornaldeitaipava.com.br\/index.php\/wp-json\/wp\/v2\/media\/40667"}],"wp:attachment":[{"href":"https:\/\/jornaldeitaipava.com.br\/index.php\/wp-json\/wp\/v2\/media?parent=40666"}],"wp:term":[{"taxonomy":"category","embeddable":true,"href":"https:\/\/jornaldeitaipava.com.br\/index.php\/wp-json\/wp\/v2\/categories?post=40666"},{"taxonomy":"post_tag","embeddable":true,"href":"https:\/\/jornaldeitaipava.com.br\/index.php\/wp-json\/wp\/v2\/tags?post=40666"}],"curies":[{"name":"wp","href":"https:\/\/api.w.org\/{rel}","templated":true}]}}