{"id":40669,"date":"2024-07-04T11:50:32","date_gmt":"2024-07-04T14:50:32","guid":{"rendered":"http:\/\/jornaldeitaipava.com.br\/?p=40669"},"modified":"2024-07-04T11:50:35","modified_gmt":"2024-07-04T14:50:35","slug":"unifase-abre-inscricoes-para-cursos-de-pos-graduacao-nas-areas-de-odontologia-e-nutricao","status":"publish","type":"post","link":"https:\/\/jornaldeitaipava.com.br\/index.php\/2024\/07\/04\/unifase-abre-inscricoes-para-cursos-de-pos-graduacao-nas-areas-de-odontologia-e-nutricao\/","title":{"rendered":"UNIFASE abre inscri\u00e7\u00f5es para Cursos de P\u00f3s-Gradua\u00e7\u00e3o nas \u00e1reas de Odontologia e Nutri\u00e7\u00e3o"},"content":{"rendered":"\n<p>Com vasta experi\u00eancia em formar profissionais qualificados e de refer\u00eancia na \u00e1rea da Sa\u00fade, o Centro Universit\u00e1rio Arthur S\u00e1 Earp Neto (UNIFASE) est\u00e1 com inscri\u00e7\u00f5es abertas para tr\u00eas cursos nas \u00e1reas de Odontologia e Nutri\u00e7\u00e3o. Para se inscrever, basta acessar o site: www.unifase-rj.edu.br<br>Na \u00e1rea de Odontologia, a UNIFASE est\u00e1 com inscri\u00e7\u00f5es abertas para dois cursos: Especializa\u00e7\u00e3o em Ortodontia e a P\u00f3s-Gradua\u00e7\u00e3o Lato Sensu em Disfun\u00e7\u00e3o Temporomandibular e Dor Orofacial.<br>A Especializa\u00e7\u00e3o em Ortodontia, com imers\u00e3o em alinhadores invis\u00edveis, ortopedia dentofacial e mini implantes, capacita cirurgi\u00f5es-dentistas cl\u00ednicos para atendimento especializado a pacientes, atualiza profissionais que j\u00e1 atuam na especialidade e promove aos pacientes um atendimento de qualidade. O curso tem dura\u00e7\u00e3o de 30 meses e com previs\u00e3o de in\u00edcio dia 26 de setembro de 2024. A modalidade \u00e9 semipresencial e o processo seletivo \u00e9 uma an\u00e1lise documental. O coordenador do curso \u00e9 o professor Rafael Leite Oliveira, Mestre em Ortodontia, Especialista em Ortodontia pela Associa\u00e7\u00e3o Brasileira de Odontologia e Especialista em DTM &amp; Dor Orofacial.<br>Na P\u00f3s-gradua\u00e7\u00e3o Lato Sensu em Disfun\u00e7\u00e3o Temporomandibular e Dor Orofacial, coordenada pelo renomado professor Ricardo Tesch, Doutor em Cl\u00ednica M\u00e9dica, Mestre em Medicina com \u00e1rea de concentra\u00e7\u00e3o em Cirurgia de Cabe\u00e7a e Pesco\u00e7o, Especialista em Ortodontia e Pesquisador principal no primeiro ensaio cl\u00ednico em humanos para regenera\u00e7\u00e3o de ATM empregando o transplante aut\u00f3logo de condr\u00f3citos do septo nasal, o objetivo \u00e9 oferecer uma forma\u00e7\u00e3o especializada do profissional de sa\u00fade graduado, voltada para o diagn\u00f3stico e tratamento das condi\u00e7\u00f5es dolorosas e\/ou n\u00e3o funcionais que acometem as articula\u00e7\u00f5es temporomandibulares (ATM) e\/ou a musculatura mastigat\u00f3ria, bem como das demais condi\u00e7\u00f5es dolorosas envolvendo as regi\u00f5es oral, facial e cef\u00e1lica. O curso tem dura\u00e7\u00e3o de 24 meses e previs\u00e3o de in\u00edcio em 27 de setembro de 2024. Na modalidade presencial, o ingresso \u00e9 a an\u00e1lise documental. S\u00e3o oferecidas vagas para cirurgi\u00f5es-dentistas e fisioterapeutas.<br>Os profissionais da \u00e1rea de Nutri\u00e7\u00e3o t\u00eam dispon\u00edvel a Especializa\u00e7\u00e3o Multiprofissional em Nutri\u00e7\u00e3o Comportamental &#8211; Um olhar mais amplo sobre alimenta\u00e7\u00e3o e nutri\u00e7\u00e3o, que aborda o papel fundamental do nutricionista na melhoria do comportamento alimentar de seus pacientes, apresentando as principais linhas de uma abordagem n\u00e3o-prescritiva. Al\u00e9m de preparar e instrumentalizar os profissionais para avalia\u00e7\u00e3o, interven\u00e7\u00e3o e manejo do comportamento alimentar, a partir da abordagem biopsicossocial dos indiv\u00edduos, desenvolvendo uma comunica\u00e7\u00e3o adequada e eficaz com grupos e em atendimentos individuais. Este curso tamb\u00e9m \u00e9 direcionado aos profissionais da \u00e1rea de enfermagem, medicina, odontologia, educa\u00e7\u00e3o f\u00edsica, fisioterapia, fonoaudiologia, psicologia e \u00e1reas afins. Semipresencial e com dura\u00e7\u00e3o de 18 meses, a previs\u00e3o de in\u00edcio em 03 de agosto deste ano. O processo seletivo \u00e9 atrav\u00e9s de uma an\u00e1lise documental. Esse curso \u00e9 coordenado pela professora e nutricionista Brigitte Olichon, Mestre em Educa\u00e7\u00e3o, especialista em Processos Educacionais na Sa\u00fade, com ampla experi\u00eancia na \u00e1rea de nutri\u00e7\u00e3o, educa\u00e7\u00e3o, sa\u00fade coletiva, multidisciplinaridade, metodologias ativas, dietoterapia, avalia\u00e7\u00e3o nutricional, obesidade e fitoterapia.<br>Se voc\u00ea quer incrementar o seu curr\u00edculo e se destacar no mercado de trabalho, acesse o site da UNIFASE (www.unifase-rj.edu.br ) e confira os cursos. Al\u00e9m de P\u00f3s-Gradua\u00e7\u00e3o, a institui\u00e7\u00e3o oferece outras modalidades de cursos de curta dura\u00e7\u00e3o que podem valorizar ainda mais o seu curr\u00edculo no mercado de trabalho.<\/p>\n","protected":false},"excerpt":{"rendered":"<p>Com vasta experi\u00eancia em formar profissionais qualificados e de refer\u00eancia na \u00e1rea da Sa\u00fade, o<\/p>\n","protected":false},"author":1,"featured_media":40670,"comment_status":"closed","ping_status":"open","sticky":false,"template":"","format":"standard","meta":{"spay_email":"","footnotes":"","jetpack_publicize_message":""},"categories":[2],"tags":[],"jetpack_featured_media_url":"https:\/\/i0.wp.com\/jornaldeitaipava.com.br\/wp-content\/uploads\/2024\/07\/WhatsApp-Image-2024-07-03-at-18.19.42.jpeg?fit=1600%2C1268&ssl=1","jetpack_publicize_connections":[],"jetpack_sharing_enabled":true,"jetpack_likes_enabled":true,"jetpack-related-posts":[],"_links":{"self":[{"href":"https:\/\/jornaldeitaipava.com.br\/index.php\/wp-json\/wp\/v2\/posts\/40669"}],"collection":[{"href":"https:\/\/jornaldeitaipava.com.br\/index.php\/wp-json\/wp\/v2\/posts"}],"about":[{"href":"https:\/\/jornaldeitaipava.com.br\/index.php\/wp-json\/wp\/v2\/types\/post"}],"author":[{"embeddable":true,"href":"https:\/\/jornaldeitaipava.com.br\/index.php\/wp-json\/wp\/v2\/users\/1"}],"replies":[{"embeddable":true,"href":"https:\/\/jornaldeitaipava.com.br\/index.php\/wp-json\/wp\/v2\/comments?post=40669"}],"version-history":[{"count":1,"href":"https:\/\/jornaldeitaipava.com.br\/index.php\/wp-json\/wp\/v2\/posts\/40669\/revisions"}],"predecessor-version":[{"id":40671,"href":"https:\/\/jornaldeitaipava.com.br\/index.php\/wp-json\/wp\/v2\/posts\/40669\/revisions\/40671"}],"wp:featuredmedia":[{"embeddable":true,"href":"https:\/\/jornaldeitaipava.com.br\/index.php\/wp-json\/wp\/v2\/media\/40670"}],"wp:attachment":[{"href":"https:\/\/jornaldeitaipava.com.br\/index.php\/wp-json\/wp\/v2\/media?parent=40669"}],"wp:term":[{"taxonomy":"category","embeddable":true,"href":"https:\/\/jornaldeitaipava.com.br\/index.php\/wp-json\/wp\/v2\/categories?post=40669"},{"taxonomy":"post_tag","embeddable":true,"href":"https:\/\/jornaldeitaipava.com.br\/index.php\/wp-json\/wp\/v2\/tags?post=40669"}],"curies":[{"name":"wp","href":"https:\/\/api.w.org\/{rel}","templated":true}]}}