{"id":40851,"date":"2024-07-19T14:33:51","date_gmt":"2024-07-19T17:33:51","guid":{"rendered":"http:\/\/jornaldeitaipava.com.br\/?p=40851"},"modified":"2024-07-19T14:33:54","modified_gmt":"2024-07-19T17:33:54","slug":"cdl-petropolis-incentiva-lojistas-a-aproveitarem-o-potencial-do-dia-dos-avos","status":"publish","type":"post","link":"https:\/\/jornaldeitaipava.com.br\/index.php\/2024\/07\/19\/cdl-petropolis-incentiva-lojistas-a-aproveitarem-o-potencial-do-dia-dos-avos\/","title":{"rendered":"CDL Petr\u00f3polis incentiva lojistas a aproveitarem o potencial do Dia dos Av\u00f3s"},"content":{"rendered":"\n<p class=\"has-text-align-center\"><strong>Data movimenta mais de R$ 700 milh\u00f5es s\u00f3 no Estado do Rio<\/strong><\/p>\n\n\n\n<p>Comemorado em 26 de julho, o Dia dos Av\u00f3s, ainda que n\u00e3o tenha um apelo t\u00e3o expressivo quanto o Dia das M\u00e3es \u2013 que este ano bateu quase R$ 14 bilh\u00f5es em opera\u00e7\u00f5es no com\u00e9rcio &#8211; vem se destacado como uma data importante no calend\u00e1rio do varejo brasileiro, proporcionando uma excelente oportunidade para impulsionar as vendas e fortalecer o relacionamento com os consumidores. Em Petr\u00f3polis, a C\u00e2mara de Dirigentes Lojistas (CDL) est\u00e1 incentivando os comerciantes locais a aproveitarem essa data para alavancar os neg\u00f3cios e criar campanhas promocionais atrativas. As campanhas locais s\u00e3o impulsionadas pela Confedera\u00e7\u00e3o Nacional de Dirigentes Lojistas (CNDL). No Estado do Rio, o Dia dos Av\u00f3s chega a movimentar mais de R$ 700 milh\u00f5es.<\/p>\n\n\n\n<p>Claudio Mohammad, presidente da CDL Petr\u00f3polis, ressalta a import\u00e2ncia de valorizar os av\u00f3s e como essa data pode ser uma excelente oportunidade de neg\u00f3cio. &#8220;Os av\u00f3s t\u00eam um papel fundamental em nossas fam\u00edlias e, cada vez mais, est\u00e3o se tornando um p\u00fablico consumidor significativo. Aproveitar o Dia dos Av\u00f3s para criar campanhas que toquem o cora\u00e7\u00e3o dos consumidores \u00e9 uma estrat\u00e9gia inteligente para aumentar as vendas e fortalecer a fidelidade \u00e0 marca&#8221;, afirma.<\/p>\n\n\n\n<p>Segundo dados do Instituto Brasileiro de Geografia e Estat\u00edstica (IBGE), a expectativa de vida dos brasileiros tem aumentado significativamente ao longo dos anos. Em 2060, a previs\u00e3o \u00e9 que a m\u00e9dia de vida alcance os 81 anos. Al\u00e9m disso, os idosos t\u00eam demonstrado um poder de compra cada vez maior, com muitos av\u00f3s possuindo uma renda est\u00e1vel atrav\u00e9s de aposentadorias e investimentos. Eles est\u00e3o cada vez mais integrados \u00e0 vida digital, realizando compras online e acompanhando tend\u00eancias, o que amplia ainda mais o potencial deste segmento de consumidores. E presentear os av\u00f3s \u00e9 uma forma de demonstrar aten\u00e7\u00e3o e intera\u00e7\u00e3o com o familiar evidenciando seus gostos e prefer\u00eancias.<\/p>\n\n\n\n<p><strong>Estrat\u00e9gias para Aproveitar o Dia dos Av\u00f3s<\/strong><\/p>\n\n\n\n<p>A CDL Petr\u00f3polis est\u00e1 incentivando os lojistas a adotarem estrat\u00e9gias que v\u00e3o desde campanhas nost\u00e1lgicas at\u00e9 ofertas exclusivas. Campanhas que evocam nostalgia podem criar uma conex\u00e3o emocional profunda, atraindo tanto os av\u00f3s quanto seus filhos e netos. &#8220;Oferecer produtos que tenham valor sentimental ou que lembrem momentos especiais pode incentivar a compra e fortalecer a imagem da marca junto ao p\u00fablico&#8221;, explica Claudio Mohammad enfatizando que \u00e9 uma oportunidade para os lojistas com cria\u00e7\u00f5es exclusivas e artesanais.<\/p>\n\n\n\n<p>Outra estrat\u00e9gia eficaz \u00e9 oferecer descontos exclusivos em produtos populares entre os av\u00f3s, como eletr\u00f4nicos, livros, roupas e itens de cuidados pessoais. Essas promo\u00e7\u00f5es podem ser anunciadas atrav\u00e9s de diferentes canais, como redes sociais, e-mails marketing e an\u00fancios digitais, criando um senso de urg\u00eancia e exclusividade.<\/p>\n\n\n\n<p>&#8220;Queremos que os consumidores descubram e valorizem os tesouros escondidos em nossa comunidade, fortalecendo o com\u00e9rcio local e proporcionando um retorno significativo para a economia da nossa cidade&#8221;, destaca o presidente da CDL Petr\u00f3polis.<\/p>\n\n\n\n<p>Oferecer um atendimento personalizado \u00e9 outra forma de envolver os av\u00f3s no processo de compra, tornando a experi\u00eancia mais agrad\u00e1vel e memor\u00e1vel. Lojas f\u00edsicas podem criar espa\u00e7os espec\u00edficos dedicados aos av\u00f3s, com produtos selecionados e atendimento especializado. Al\u00e9m disso, parcerias estrat\u00e9gicas com outras empresas podem ampliar o alcance das campanhas e agregar valor aos produtos oferecidos. Pacotes de presentes que incluam itens como flores, chocolates e cart\u00f5es personalizados podem ser muito atraentes para os consumidores.<\/p>\n\n\n\n<p>&#8220;A CDL Petr\u00f3polis est\u00e1 empenhada em apoiar os lojistas para que aproveitem ao m\u00e1ximo o potencial do Dia dos Av\u00f3s. Com estrat\u00e9gias bem planejadas e uma abordagem focada no cliente, acreditamos que este pode ser um per\u00edodo de grande sucesso para o com\u00e9rcio local&#8221;, prev\u00ea Claudio Mohammad.<\/p>\n","protected":false},"excerpt":{"rendered":"<p>Data movimenta mais de R$ 700 milh\u00f5es s\u00f3 no Estado do Rio Comemorado em 26<\/p>\n","protected":false},"author":1,"featured_media":40852,"comment_status":"closed","ping_status":"open","sticky":false,"template":"","format":"standard","meta":{"spay_email":"","footnotes":"","jetpack_publicize_message":""},"categories":[24],"tags":[],"jetpack_featured_media_url":"https:\/\/i0.wp.com\/jornaldeitaipava.com.br\/wp-content\/uploads\/2024\/07\/Dia-dos-Avos-comercio.jpeg?fit=1280%2C960&ssl=1","jetpack_publicize_connections":[],"jetpack_sharing_enabled":true,"jetpack_likes_enabled":true,"jetpack-related-posts":[],"_links":{"self":[{"href":"https:\/\/jornaldeitaipava.com.br\/index.php\/wp-json\/wp\/v2\/posts\/40851"}],"collection":[{"href":"https:\/\/jornaldeitaipava.com.br\/index.php\/wp-json\/wp\/v2\/posts"}],"about":[{"href":"https:\/\/jornaldeitaipava.com.br\/index.php\/wp-json\/wp\/v2\/types\/post"}],"author":[{"embeddable":true,"href":"https:\/\/jornaldeitaipava.com.br\/index.php\/wp-json\/wp\/v2\/users\/1"}],"replies":[{"embeddable":true,"href":"https:\/\/jornaldeitaipava.com.br\/index.php\/wp-json\/wp\/v2\/comments?post=40851"}],"version-history":[{"count":1,"href":"https:\/\/jornaldeitaipava.com.br\/index.php\/wp-json\/wp\/v2\/posts\/40851\/revisions"}],"predecessor-version":[{"id":40853,"href":"https:\/\/jornaldeitaipava.com.br\/index.php\/wp-json\/wp\/v2\/posts\/40851\/revisions\/40853"}],"wp:featuredmedia":[{"embeddable":true,"href":"https:\/\/jornaldeitaipava.com.br\/index.php\/wp-json\/wp\/v2\/media\/40852"}],"wp:attachment":[{"href":"https:\/\/jornaldeitaipava.com.br\/index.php\/wp-json\/wp\/v2\/media?parent=40851"}],"wp:term":[{"taxonomy":"category","embeddable":true,"href":"https:\/\/jornaldeitaipava.com.br\/index.php\/wp-json\/wp\/v2\/categories?post=40851"},{"taxonomy":"post_tag","embeddable":true,"href":"https:\/\/jornaldeitaipava.com.br\/index.php\/wp-json\/wp\/v2\/tags?post=40851"}],"curies":[{"name":"wp","href":"https:\/\/api.w.org\/{rel}","templated":true}]}}