{"id":40856,"date":"2024-07-19T15:39:01","date_gmt":"2024-07-19T18:39:01","guid":{"rendered":"http:\/\/jornaldeitaipava.com.br\/?p=40856"},"modified":"2024-07-19T15:39:06","modified_gmt":"2024-07-19T18:39:06","slug":"abertas-as-inscricoes-para-encontro-do-g20-em-teresopolis","status":"publish","type":"post","link":"https:\/\/jornaldeitaipava.com.br\/index.php\/2024\/07\/19\/abertas-as-inscricoes-para-encontro-do-g20-em-teresopolis\/","title":{"rendered":"Abertas as inscri\u00e7\u00f5es para Encontro do G20 em Teres\u00f3polis"},"content":{"rendered":"\n<p class=\"has-text-align-center\"><strong>Evento acontece no dia 25 de julho, das 9h \u00e0s 12h, no Sesc Alpina, em Teres\u00f3polis<\/strong><\/p>\n\n\n\n<p>Est\u00e3o abertas de forma online as inscri\u00e7\u00f5es para o 1\u00ba Encontro do Programa de Engajamento do G20 Regional, edi\u00e7\u00e3o Regi\u00e3o Serrana. O evento acontece na pr\u00f3xima quinta-feira, dia 25 de julho, no audit\u00f3rio do Hotel Sesc Alpina, em Teres\u00f3polis, a partir das 9h.<\/p>\n\n\n\n<p>A abertura contar\u00e1 com a presen\u00e7a da Secret\u00e1ria de Estado de Desenvolvimento Econ\u00f4mico, Fernanda Curdi; de Paulo Prot\u00e1sio, Diretor da Autoridade do Desenvolvimento Sustent\u00e1vel do RJ e ex-presidente da Associa\u00e7\u00e3o Comercial do Rio de Janeiro; e do Prefeito de Teres\u00f3polis, Vinicius Claussen. Em seguida, acontece um importante painel sobre \u201cAdapta\u00e7\u00e3o Clim\u00e1tica e Resili\u00eancia nas Cidades Inteligentes\u201d. Participar\u00e3o da discuss\u00e3o Marie Ikemoto, Subsecret\u00e1ria de Estado Mudan\u00e7as Clim\u00e1ticas e Biodiversidade; Vicente Loureiro, arquiteto e urbanista, Conselheiro da Agetransp e ex-presidente do Rio Metr\u00f3pole; Jan Lomholdt, C\u00f4nsul da Su\u00e9cia; Leandro Su, da Associa\u00e7\u00e3o Cultural Chinesa do Estado do RJ; e Rodrigo D&#8217;E\u00e7a, do Centro Intercultural Nova Jornada.<\/p>\n\n\n\n<p>Gratuito e aberto a todos os interessados, o evento tem como objetivo fortalecer o debate de pol\u00edticas p\u00fablicas para que as cidades possam enfrentar desafios como desastres naturais, mudan\u00e7as clim\u00e1ticas e crises, ao mesmo tempo que busca utilizar a tecnologia para melhorar a qualidade de vida dos cidad\u00e3os, promover a sustentabilidade e aumentar a efici\u00eancia dos servi\u00e7os urbanos. A implementa\u00e7\u00e3o desses conceitos pode trazer benef\u00edcios significativos para a regi\u00e3o serrana do Rio de Janeiro, contribuindo para enfrentar desafios e promover um desenvolvimento sustent\u00e1vel.<\/p>\n\n\n\n<p><strong>Servi\u00e7o:<br><\/strong>1\u00ba Encontro do Programa de Engajamento do G20 Regional Comit\u00ea G20 = edi\u00e7\u00e3o Regi\u00e3o Serrana<br>Data: 25 de julho de 2024<br>Hor\u00e1rio: 9h \u00e0s 12h<br>Local: Audit\u00f3rio do Hotel Sesc Alpina &#8211; R. C\u00e2ndido Portinari, 837, Golfe, Teres\u00f3polis<br>Inscri\u00e7\u00f5es gratuitas: <a href=\"https:\/\/bit.ly\/g20teresopolis\" target=\"_blank\" rel=\"noreferrer noopener\">https:\/\/bit.ly\/g20teresopolis<\/a>.<\/p>\n\n\n\n<p><strong>G20 Brasil 2024<br><\/strong>O G20 conta com presid\u00eancias rotativas anuais. O Brasil exerce a presid\u00eancia do G20 de 1\u00ba de dezembro de 2023 a 30 de novembro de 2024. Inicialmente, o G20 concentrava-se principalmente em quest\u00f5es macroecon\u00f4micas gerais, mas expandiu sua agenda para incluir temas como com\u00e9rcio, desenvolvimento sustent\u00e1vel, sa\u00fade, agricultura, energia, meio ambiente, mudan\u00e7as clim\u00e1ticas e combate \u00e0 corrup\u00e7\u00e3o.<\/p>\n\n\n\n<p>A C\u00fapula do G20 \u00e9 a reuni\u00e3o entre os chefes de Estado ou de Governo dos pa\u00edses membros. \u00c9 composto por 19 pa\u00edses (\u00c1frica do Sul, Alemanha, Ar\u00e1bia Saudita, Argentina, Austr\u00e1lia, Brasil, Canad\u00e1, China, Coreia do Sul, Estados Unidos, Fran\u00e7a, \u00cdndia, Indon\u00e9sia, It\u00e1lia, Jap\u00e3o, M\u00e9xico, Reino Unido, R\u00fassia e Turquia) e dois \u00f3rg\u00e3os regionais: a Uni\u00e3o Africana e a Uni\u00e3o Europeia. Os membros do G20 representam cerca de 85% do Produto Interno Bruto (PIB) mundial, mais de 75% do com\u00e9rcio mundial e cerca de dois ter\u00e7os da popula\u00e7\u00e3o mundial.<\/p>\n","protected":false},"excerpt":{"rendered":"<p>Evento acontece no dia 25 de julho, das 9h \u00e0s 12h, no Sesc Alpina, em<\/p>\n","protected":false},"author":1,"featured_media":40857,"comment_status":"closed","ping_status":"open","sticky":false,"template":"","format":"standard","meta":{"spay_email":"","footnotes":"","jetpack_publicize_message":""},"categories":[5],"tags":[],"jetpack_featured_media_url":"https:\/\/i2.wp.com\/jornaldeitaipava.com.br\/wp-content\/uploads\/2024\/07\/Sesc-Alpina-Teresopolis-Divulgacao-2-1140x480-1.jpg?fit=1140%2C480&ssl=1","jetpack_publicize_connections":[],"jetpack_sharing_enabled":true,"jetpack_likes_enabled":true,"jetpack-related-posts":[],"_links":{"self":[{"href":"https:\/\/jornaldeitaipava.com.br\/index.php\/wp-json\/wp\/v2\/posts\/40856"}],"collection":[{"href":"https:\/\/jornaldeitaipava.com.br\/index.php\/wp-json\/wp\/v2\/posts"}],"about":[{"href":"https:\/\/jornaldeitaipava.com.br\/index.php\/wp-json\/wp\/v2\/types\/post"}],"author":[{"embeddable":true,"href":"https:\/\/jornaldeitaipava.com.br\/index.php\/wp-json\/wp\/v2\/users\/1"}],"replies":[{"embeddable":true,"href":"https:\/\/jornaldeitaipava.com.br\/index.php\/wp-json\/wp\/v2\/comments?post=40856"}],"version-history":[{"count":1,"href":"https:\/\/jornaldeitaipava.com.br\/index.php\/wp-json\/wp\/v2\/posts\/40856\/revisions"}],"predecessor-version":[{"id":40858,"href":"https:\/\/jornaldeitaipava.com.br\/index.php\/wp-json\/wp\/v2\/posts\/40856\/revisions\/40858"}],"wp:featuredmedia":[{"embeddable":true,"href":"https:\/\/jornaldeitaipava.com.br\/index.php\/wp-json\/wp\/v2\/media\/40857"}],"wp:attachment":[{"href":"https:\/\/jornaldeitaipava.com.br\/index.php\/wp-json\/wp\/v2\/media?parent=40856"}],"wp:term":[{"taxonomy":"category","embeddable":true,"href":"https:\/\/jornaldeitaipava.com.br\/index.php\/wp-json\/wp\/v2\/categories?post=40856"},{"taxonomy":"post_tag","embeddable":true,"href":"https:\/\/jornaldeitaipava.com.br\/index.php\/wp-json\/wp\/v2\/tags?post=40856"}],"curies":[{"name":"wp","href":"https:\/\/api.w.org\/{rel}","templated":true}]}}