{"id":41002,"date":"2024-07-31T16:44:40","date_gmt":"2024-07-31T19:44:40","guid":{"rendered":"http:\/\/jornaldeitaipava.com.br\/?p=41002"},"modified":"2024-07-31T16:44:43","modified_gmt":"2024-07-31T19:44:43","slug":"marcelo-serrado-encena-um-pai-de-outro-mundo-no-teatro-imperial","status":"publish","type":"post","link":"https:\/\/jornaldeitaipava.com.br\/index.php\/2024\/07\/31\/marcelo-serrado-encena-um-pai-de-outro-mundo-no-teatro-imperial\/","title":{"rendered":"Marcelo Serrado encena Um Pai de Outro Mundo no Teatro Imperial"},"content":{"rendered":"\n<p class=\"has-text-align-center\"><strong>Com\u00e9dia retrata a rotina e os dilemas de um pai dedicado em duas apresenta\u00e7\u00f5es especiais, dias 03 e 04 de agosto, \u00e0s 20h e 18h respectivamente<\/strong><\/p>\n\n\n\n<p>Nos dias 3 e 4 de agosto, o ator Marcelo Serrado apresenta a com\u00e9dia Um Pai de Outro Mundo no Teatro Imperial, em Petr\u00f3polis. O espet\u00e1culo, escrito em parceria com a premiada autora Claudia Mauro e dirigido por Marcelo Saback, traz cr\u00f4nicas espirituosas e bem-humoradas sobre os desafios e as aventuras de um pai de classe m\u00e9dia e seus tr\u00eas filhos. O ator interpreta Paulo Hernesto, em um mon\u00f3logo humor\u00edstico que leva \u00e0 cena situa\u00e7\u00f5es inusitadas e c\u00f4micas na vida.\u00a0\u00a0<\/p>\n\n\n\n<p>&nbsp;Com 35 anos de carreira, acumulando mais de 50 trabalhos na TV, mais de 20 no cinema e mais de 40 no teatro, incluindo a atual temporada do sitcom Tem Que Suar ao lado de Helo\u00edsa Periss\u00e9 no Multishow, Marcelo Serrado estar\u00e1 neste final de semana nos palcos do Teatro Imperial, um dos maiores e mais moderno teatro da regi\u00e3o serrana.&nbsp; Em cena, ele mostrar\u00e1 os desafios de cuidar de uma filha pr\u00e9-adolescente e de&nbsp; dois beb\u00eas g\u00eameos, al\u00e9m de suas demandas invariavelmente duplicadas e o malabarismo di\u00e1rio naquela rotina multitarefa.&nbsp;<\/p>\n\n\n\n<p>\u201c\u00c9 uma com\u00e9dia que fala da rela\u00e7\u00e3o do pai com seus filhos.. Eles modificam a vida desse pai, um cantor de jingles classe m\u00e9dia, com um casamento que t\u00e1 meio l\u00e1, meio c\u00e1, eles fazem terapia de casal. Ele est\u00e1 sem dinheiro, e acaba tendo que ter uma rela\u00e7\u00e3o muito constante com os filhos. Eu fa\u00e7o todos os personagens. Os filhos, o pai, a mulher, e depois estes mesmos filhos quando mais velhos. \u00c9 uma com\u00e9dia que acho que pode emocionar muito. Fala desse pai de hoje, que tem que estar com os filhos tamb\u00e9m. O p\u00fablico tem tudo para gostar e se identificar com essa com\u00e9dia t\u00e3o atual.\u201d, conta Marcelo Serrado.<\/p>\n\n\n\n<p>\u201cUm Pai de Outro Mundo\u201d fala com delicadeza e humor da transforma\u00e7\u00e3o dos padr\u00f5es de intera\u00e7\u00e3o entre pais e filhos. Passeando por variadas fases na linha do tempo, nem sempre cronol\u00f3gicas, fala de amor e das transforma\u00e7\u00f5es em m\u00e3o dupla que essa rela\u00e7\u00e3o provoca &#8211; as duas partes se desafiam mutuamente e s\u00e3o afetadas uma pela outra.<\/p>\n","protected":false},"excerpt":{"rendered":"<p>Com\u00e9dia retrata a rotina e os dilemas de um pai dedicado em duas apresenta\u00e7\u00f5es especiais,<\/p>\n","protected":false},"author":1,"featured_media":41003,"comment_status":"closed","ping_status":"open","sticky":false,"template":"","format":"standard","meta":{"spay_email":"","footnotes":"","jetpack_publicize_message":""},"categories":[1],"tags":[],"jetpack_featured_media_url":"https:\/\/i0.wp.com\/jornaldeitaipava.com.br\/wp-content\/uploads\/2024\/07\/teatro.jpg?fit=558%2C376&ssl=1","jetpack_publicize_connections":[],"jetpack_sharing_enabled":true,"jetpack_likes_enabled":true,"jetpack-related-posts":[],"_links":{"self":[{"href":"https:\/\/jornaldeitaipava.com.br\/index.php\/wp-json\/wp\/v2\/posts\/41002"}],"collection":[{"href":"https:\/\/jornaldeitaipava.com.br\/index.php\/wp-json\/wp\/v2\/posts"}],"about":[{"href":"https:\/\/jornaldeitaipava.com.br\/index.php\/wp-json\/wp\/v2\/types\/post"}],"author":[{"embeddable":true,"href":"https:\/\/jornaldeitaipava.com.br\/index.php\/wp-json\/wp\/v2\/users\/1"}],"replies":[{"embeddable":true,"href":"https:\/\/jornaldeitaipava.com.br\/index.php\/wp-json\/wp\/v2\/comments?post=41002"}],"version-history":[{"count":1,"href":"https:\/\/jornaldeitaipava.com.br\/index.php\/wp-json\/wp\/v2\/posts\/41002\/revisions"}],"predecessor-version":[{"id":41004,"href":"https:\/\/jornaldeitaipava.com.br\/index.php\/wp-json\/wp\/v2\/posts\/41002\/revisions\/41004"}],"wp:featuredmedia":[{"embeddable":true,"href":"https:\/\/jornaldeitaipava.com.br\/index.php\/wp-json\/wp\/v2\/media\/41003"}],"wp:attachment":[{"href":"https:\/\/jornaldeitaipava.com.br\/index.php\/wp-json\/wp\/v2\/media?parent=41002"}],"wp:term":[{"taxonomy":"category","embeddable":true,"href":"https:\/\/jornaldeitaipava.com.br\/index.php\/wp-json\/wp\/v2\/categories?post=41002"},{"taxonomy":"post_tag","embeddable":true,"href":"https:\/\/jornaldeitaipava.com.br\/index.php\/wp-json\/wp\/v2\/tags?post=41002"}],"curies":[{"name":"wp","href":"https:\/\/api.w.org\/{rel}","templated":true}]}}