{"id":41005,"date":"2024-07-31T16:45:51","date_gmt":"2024-07-31T19:45:51","guid":{"rendered":"http:\/\/jornaldeitaipava.com.br\/?p=41005"},"modified":"2024-07-31T16:45:53","modified_gmt":"2024-07-31T19:45:53","slug":"espetaculo-teatral-infanto-juvenil-o-flautista-e-a-princesa-de-hamelin-estreia-em-petropolis-2","status":"publish","type":"post","link":"https:\/\/jornaldeitaipava.com.br\/index.php\/2024\/07\/31\/espetaculo-teatral-infanto-juvenil-o-flautista-e-a-princesa-de-hamelin-estreia-em-petropolis-2\/","title":{"rendered":"Espet\u00e1culo teatral infanto-juvenil &#8220;O Flautista e a Princesa de Hamelin&#8221; estreia em Petr\u00f3polis"},"content":{"rendered":"\n<p class=\"has-text-align-center\"><strong>Uma aventura musical livremente inspirada na lenda medieval germ\u00e2nica do s\u00e9culo XIII, com m\u00fasica, bonecos, m\u00e1scaras e li\u00e7\u00f5es de vida.<\/strong><\/p>\n\n\n\n<p>O espet\u00e1culo teatral infanto-juvenil &#8220;O Flautista e a Princesa de Hamelin&#8221;, livremente inspirado na lenda medieval alem\u00e3 do s\u00e9culo XIII, \u201cO Flautista de Hamelin\u201d, chega ao Teatro Afonso Arinos (Centro de Cultura Raul de Leoni), em Petr\u00f3polis, nos primeiros dias de agosto. O texto, as m\u00fasicas e a dire\u00e7\u00e3o, assinados por Marco Aur\u00eah, prometem encantar o p\u00fablico infanto-juvenil, a partir dos 7 anos de idade. A farsa mistura aventura, com\u00e9dia, intriga, romance e ensinamentos valiosos.<\/p>\n\n\n\n<p>Ao todo ser\u00e3o realizadas quatro apresenta\u00e7\u00f5es, sendo um ensaio aberto para escolas p\u00fablicas no dia 01 de agosto, e para o p\u00fablico em geral nas datas 02, 03 e 04 de agosto de 2024. Os ingressos s\u00e3o gratuitos, por\u00e9m necessitam de reserva atrav\u00e9s da plataforma Sympla atrav\u00e9s do link https:\/\/linktr.ee\/oflautistaeaprincesadehamelin. A troca do voucher deve ocorrer at\u00e9 30 minutos antes do in\u00edcio da apresenta\u00e7\u00e3o.<\/p>\n\n\n\n<p>Para atender ao p\u00fablico com defici\u00eancia, tr\u00eas sess\u00f5es ir\u00e3o contar com int\u00e9rprete de Libras e uma sess\u00e3o com audiodescri\u00e7\u00e3o. Para pessoas que necessitem de audiodescri\u00e7\u00e3o, \u00e9 necess\u00e1rio solicitar a reserva do receptor. A locomo\u00e7\u00e3o para pessoas com defici\u00eancia tamb\u00e9m ser\u00e1 disponibilizada, por\u00e9m, h\u00e1 limite de viagens e assentos. Tanto a audiodescri\u00e7\u00e3o, quanto a locomo\u00e7\u00e3o devem ser efetuadas atrav\u00e9s de reserva antecipada com a produtora pelo WhatsApp 24988678576 ou pelo e-mail kaza8producoes@gmail.com com o assunto \u201cAcessibilidade &#8211; O Flautista e a Princesa de Hamelin\u201d.<\/p>\n\n\n\n<p>\u201cO Flautista e a Princesa de Hamelin\u201d \u00e9 uma produ\u00e7\u00e3o da Kaza 8 e realiza\u00e7\u00e3o do Governo Federal, Minist\u00e9rio da Cultura, Governo do Estado do Rio de Janeiro e Secretaria de Estado de Cultura e Economia Criativa do Rio de Janeiro, atrav\u00e9s do edital de Apoio ao Teatro \u201cEVO\u00c9 RJ\u201d, da Lei Paulo Gustavo.<\/p>\n\n\n\n<p><strong>Servi\u00e7o:<br><\/strong>Espet\u00e1culo teatral infanto-juvenil \u201cO Flautista e a Princesa de Hamelin\u201d.<br>Teatro Afonso Arinos (Centro de Cultura Raul de Leoni) &#8211; Petr\u00f3polis, RJ.<br>Classifica\u00e7\u00e3o Livre<br>Sexta, 02\/08\/2024, \u00e0s 20h<br>S\u00e1bado, 03\/08\/2024, \u00e0s 17h<br>Domingo, 04\/08\/2024, \u00e0s 17h<br>Dura\u00e7\u00e3o: 60 minutos<br>Ingressos: Gratuitos, com reserva obrigat\u00f3ria pela plataforma Sympla: <a href=\"https:\/\/linktr.ee\/oflautistaeaprincesadehamelin.\" target=\"_blank\" rel=\"noreferrer noopener\">https:\/\/linktr.ee\/oflautistaeaprincesadehamelin.<\/a><\/p>\n","protected":false},"excerpt":{"rendered":"<p>Uma aventura musical livremente inspirada na lenda medieval germ\u00e2nica do s\u00e9culo XIII, com m\u00fasica, bonecos,<\/p>\n","protected":false},"author":1,"featured_media":41006,"comment_status":"closed","ping_status":"open","sticky":false,"template":"","format":"standard","meta":{"spay_email":"","footnotes":"","jetpack_publicize_message":""},"categories":[1],"tags":[],"jetpack_featured_media_url":"https:\/\/i2.wp.com\/jornaldeitaipava.com.br\/wp-content\/uploads\/2024\/07\/WhatsApp-Image-2024-07-31-at-12.59.41.jpeg?fit=200%2C150&ssl=1","jetpack_publicize_connections":[],"jetpack_sharing_enabled":true,"jetpack_likes_enabled":true,"jetpack-related-posts":[],"_links":{"self":[{"href":"https:\/\/jornaldeitaipava.com.br\/index.php\/wp-json\/wp\/v2\/posts\/41005"}],"collection":[{"href":"https:\/\/jornaldeitaipava.com.br\/index.php\/wp-json\/wp\/v2\/posts"}],"about":[{"href":"https:\/\/jornaldeitaipava.com.br\/index.php\/wp-json\/wp\/v2\/types\/post"}],"author":[{"embeddable":true,"href":"https:\/\/jornaldeitaipava.com.br\/index.php\/wp-json\/wp\/v2\/users\/1"}],"replies":[{"embeddable":true,"href":"https:\/\/jornaldeitaipava.com.br\/index.php\/wp-json\/wp\/v2\/comments?post=41005"}],"version-history":[{"count":1,"href":"https:\/\/jornaldeitaipava.com.br\/index.php\/wp-json\/wp\/v2\/posts\/41005\/revisions"}],"predecessor-version":[{"id":41007,"href":"https:\/\/jornaldeitaipava.com.br\/index.php\/wp-json\/wp\/v2\/posts\/41005\/revisions\/41007"}],"wp:featuredmedia":[{"embeddable":true,"href":"https:\/\/jornaldeitaipava.com.br\/index.php\/wp-json\/wp\/v2\/media\/41006"}],"wp:attachment":[{"href":"https:\/\/jornaldeitaipava.com.br\/index.php\/wp-json\/wp\/v2\/media?parent=41005"}],"wp:term":[{"taxonomy":"category","embeddable":true,"href":"https:\/\/jornaldeitaipava.com.br\/index.php\/wp-json\/wp\/v2\/categories?post=41005"},{"taxonomy":"post_tag","embeddable":true,"href":"https:\/\/jornaldeitaipava.com.br\/index.php\/wp-json\/wp\/v2\/tags?post=41005"}],"curies":[{"name":"wp","href":"https:\/\/api.w.org\/{rel}","templated":true}]}}