{"id":41011,"date":"2024-07-31T16:48:15","date_gmt":"2024-07-31T19:48:15","guid":{"rendered":"http:\/\/jornaldeitaipava.com.br\/?p=41011"},"modified":"2024-07-31T16:48:18","modified_gmt":"2024-07-31T19:48:18","slug":"bunka-sai-acontece-entre-os-dias-15-e-18-de-agosto","status":"publish","type":"post","link":"https:\/\/jornaldeitaipava.com.br\/index.php\/2024\/07\/31\/bunka-sai-acontece-entre-os-dias-15-e-18-de-agosto\/","title":{"rendered":"Bunka-Sai acontece entre os dias 15 e 18 de agosto"},"content":{"rendered":"\n<p>Entre os dias 15 e 18 de agosto, acontece a 15\u00aa edi\u00e7\u00e3o do Bunka-Sai \u2013 Festa da Cultura Japonesa de Petr\u00f3polis. O evento, gratuito, acontece no Pal\u00e1cio de Cristal e conta com gastronomia t\u00edpica, al\u00e9m de apresenta\u00e7\u00f5es musicais e culturais.<\/p>\n\n\n\n<p>O Bunka-Sai \u00e9 promovido pela Prefeitura de Petr\u00f3polis e pela Associa\u00e7\u00e3o Nikkei de Petr\u00f3polis.<\/p>\n\n\n\n<p><strong>Confira a programa\u00e7\u00e3o:<br><\/strong>15\/08 \u2013 quinta-feira<br>16h \u2013 Funcionamento das barracas<br>19h \u2013 Abertura oficial<br>16h \u00e0s 23h<\/p>\n\n\n\n<p>16\/08 \u2013 sexta-feira<br>10h \u00e0 meia-noite<\/p>\n\n\n\n<p>17\/08 \u2013 s\u00e1bado<br>10h \u00e0 meia-noite<\/p>\n\n\n\n<p>18\/08 \u2013 domingo<br>10h \u00e0s 22h<\/p>\n","protected":false},"excerpt":{"rendered":"<p>Entre os dias 15 e 18 de agosto, acontece a 15\u00aa edi\u00e7\u00e3o do Bunka-Sai \u2013<\/p>\n","protected":false},"author":1,"featured_media":31183,"comment_status":"closed","ping_status":"open","sticky":false,"template":"","format":"standard","meta":{"spay_email":"","footnotes":"","jetpack_publicize_message":""},"categories":[42],"tags":[],"jetpack_featured_media_url":"https:\/\/i2.wp.com\/jornaldeitaipava.com.br\/wp-content\/uploads\/2022\/09\/BUNKA.png?fit=621%2C396&ssl=1","jetpack_publicize_connections":[],"jetpack_sharing_enabled":true,"jetpack_likes_enabled":true,"jetpack-related-posts":[],"_links":{"self":[{"href":"https:\/\/jornaldeitaipava.com.br\/index.php\/wp-json\/wp\/v2\/posts\/41011"}],"collection":[{"href":"https:\/\/jornaldeitaipava.com.br\/index.php\/wp-json\/wp\/v2\/posts"}],"about":[{"href":"https:\/\/jornaldeitaipava.com.br\/index.php\/wp-json\/wp\/v2\/types\/post"}],"author":[{"embeddable":true,"href":"https:\/\/jornaldeitaipava.com.br\/index.php\/wp-json\/wp\/v2\/users\/1"}],"replies":[{"embeddable":true,"href":"https:\/\/jornaldeitaipava.com.br\/index.php\/wp-json\/wp\/v2\/comments?post=41011"}],"version-history":[{"count":1,"href":"https:\/\/jornaldeitaipava.com.br\/index.php\/wp-json\/wp\/v2\/posts\/41011\/revisions"}],"predecessor-version":[{"id":41012,"href":"https:\/\/jornaldeitaipava.com.br\/index.php\/wp-json\/wp\/v2\/posts\/41011\/revisions\/41012"}],"wp:featuredmedia":[{"embeddable":true,"href":"https:\/\/jornaldeitaipava.com.br\/index.php\/wp-json\/wp\/v2\/media\/31183"}],"wp:attachment":[{"href":"https:\/\/jornaldeitaipava.com.br\/index.php\/wp-json\/wp\/v2\/media?parent=41011"}],"wp:term":[{"taxonomy":"category","embeddable":true,"href":"https:\/\/jornaldeitaipava.com.br\/index.php\/wp-json\/wp\/v2\/categories?post=41011"},{"taxonomy":"post_tag","embeddable":true,"href":"https:\/\/jornaldeitaipava.com.br\/index.php\/wp-json\/wp\/v2\/tags?post=41011"}],"curies":[{"name":"wp","href":"https:\/\/api.w.org\/{rel}","templated":true}]}}