{"id":41013,"date":"2024-07-31T16:50:24","date_gmt":"2024-07-31T19:50:24","guid":{"rendered":"http:\/\/jornaldeitaipava.com.br\/?p=41013"},"modified":"2024-07-31T16:50:26","modified_gmt":"2024-07-31T19:50:26","slug":"sesc-rio-leva-espetaculo-petropolitano-a-varias-cidades-em-agosto","status":"publish","type":"post","link":"https:\/\/jornaldeitaipava.com.br\/index.php\/2024\/07\/31\/sesc-rio-leva-espetaculo-petropolitano-a-varias-cidades-em-agosto\/","title":{"rendered":"Sesc Rio leva espet\u00e1culo petropolitano a v\u00e1rias cidades em agosto"},"content":{"rendered":"\n<p class=\"has-text-align-center\"><strong>\u201cResta 1\u201d come\u00e7a o m\u00eas em Valen\u00e7a e encerra em Petr\u00f3polis<\/strong><\/p>\n\n\n\n<p>O espet\u00e1culo de circo-teatro infantil Resta 1 se apresentar\u00e1, neste primeiro fim de semana de agosto, nas unidades Sesc das cidades de Valen\u00e7a, s\u00e1bado (03), \u00e0s 15h, e S\u00e3o Gon\u00e7alo, domingo (04), \u00e0s 16h, no estado do Rio de Janeiro. A realiza\u00e7\u00e3o \u00e9 do Sesc RJ, por meio do edital \u201cSesc Pulsar\u201d. A circula\u00e7\u00e3o j\u00e1 passou pelo Rio de Janeiro, S\u00e3o Jo\u00e3o de Meriti e Nova Igua\u00e7u, em julho. A atra\u00e7\u00e3o encerra a temporada em Teres\u00f3polis e Petr\u00f3polis ainda em agosto.<\/p>\n\n\n\n<p>Na hist\u00f3ria, uma dupla de palha\u00e7os, MortaNdela (L\u00e9o Gaviole) e Furico (Ariel Barbosa) se veem obrigados a levar adiante o tradicional\u00edssimo Circo Bragan\u00e7a, ap\u00f3s a morte do propriet\u00e1rio Jos\u00e9 Hon\u00f3rio de Orleans e Bragan\u00e7a. Em meio a m\u00fasicas e trapalhadas, eles precisam enfrentar o pr\u00f3prio medo quando aparece a assombra\u00e7\u00e3o de Z\u00e9 Caveira (Dalus Gon\u00e7alves), o esp\u00edrito encarnado de seu falecido patr\u00e3o, que n\u00e3o desapega do circo. Agora, eles t\u00eam mais uma miss\u00e3o: colocar a morte para dan\u00e7ar!<\/p>\n\n\n\n<p>De acordo com L\u00e9o Gaviole, um dos respons\u00e1veis pelo argumento, a obra \u00e9 a reflex\u00e3o de dois palha\u00e7os que est\u00e3o em busca do seu melhor e precisam lidar com seus pr\u00f3prios fantasmas. \u201cN\u00f3s, atores, vivenciamos um processo revelador por meio da dire\u00e7\u00e3o da palha\u00e7a Karla Conc\u00e1. O desenvolvimento de cria\u00e7\u00e3o nos levou \u00e0 reflex\u00e3o sobre estruturas c\u00f4micas do circo tradicional, buscando um novo sentido e desenrolar das cenas cl\u00e1ssicas\u201d, explica.<\/p>\n\n\n\n<p>A concep\u00e7\u00e3o c\u00eanica convida \u00e0 experi\u00eancia de vida dos atores dentro da dramaturgia. O teatro de anima\u00e7\u00e3o est\u00e1 presente com o boneco da morte, causando rebuli\u00e7o no p\u00fablico que se apavora e ao mesmo tempo se sente atra\u00eddo por essa figura magn\u00e9tica. O cen\u00e1rio e figurinos trazem a refer\u00eancia do \u201cD\u00eda de los Muertos\u201d, festa mexicana que cultua os antepassados familiares j\u00e1 desencarnados, seguindo a paleta de cores e refer\u00eancias em adere\u00e7os como flores, bandeirinhas, fitas e luzes coloridas.<\/p>\n\n\n\n<p>Karla Conc\u00e1 (dire\u00e7\u00e3o) \u00e9 formada em Artes C\u00eanicas, pela CAL (Casa das Artes de Laranjeiras). Com 30 anos de palha\u00e7aria, a atriz c\u00f4mica e militante da causa da comicidade feminina trabalha firme para avan\u00e7ar ainda mais em um espa\u00e7o antes totalmente masculino. Na oportunidade \u00edmpar do \u201cResta 1\u201d, Karla experimenta pela primeira vez dirigir dois homens.<\/p>\n","protected":false},"excerpt":{"rendered":"<p>\u201cResta 1\u201d come\u00e7a o m\u00eas em Valen\u00e7a e encerra em Petr\u00f3polis O espet\u00e1culo de circo-teatro<\/p>\n","protected":false},"author":1,"featured_media":41014,"comment_status":"closed","ping_status":"open","sticky":false,"template":"","format":"standard","meta":{"spay_email":"","footnotes":"","jetpack_publicize_message":""},"categories":[1],"tags":[],"jetpack_featured_media_url":"https:\/\/i2.wp.com\/jornaldeitaipava.com.br\/wp-content\/uploads\/2024\/07\/ESPETACULO-SESC-RESTA-1-ARIEL-BARBOSA-DALUS-GONCALVES-E-LEO-GAVIOLE1-scaled.jpg?fit=2560%2C1850&ssl=1","jetpack_publicize_connections":[],"jetpack_sharing_enabled":true,"jetpack_likes_enabled":true,"jetpack-related-posts":[],"_links":{"self":[{"href":"https:\/\/jornaldeitaipava.com.br\/index.php\/wp-json\/wp\/v2\/posts\/41013"}],"collection":[{"href":"https:\/\/jornaldeitaipava.com.br\/index.php\/wp-json\/wp\/v2\/posts"}],"about":[{"href":"https:\/\/jornaldeitaipava.com.br\/index.php\/wp-json\/wp\/v2\/types\/post"}],"author":[{"embeddable":true,"href":"https:\/\/jornaldeitaipava.com.br\/index.php\/wp-json\/wp\/v2\/users\/1"}],"replies":[{"embeddable":true,"href":"https:\/\/jornaldeitaipava.com.br\/index.php\/wp-json\/wp\/v2\/comments?post=41013"}],"version-history":[{"count":1,"href":"https:\/\/jornaldeitaipava.com.br\/index.php\/wp-json\/wp\/v2\/posts\/41013\/revisions"}],"predecessor-version":[{"id":41015,"href":"https:\/\/jornaldeitaipava.com.br\/index.php\/wp-json\/wp\/v2\/posts\/41013\/revisions\/41015"}],"wp:featuredmedia":[{"embeddable":true,"href":"https:\/\/jornaldeitaipava.com.br\/index.php\/wp-json\/wp\/v2\/media\/41014"}],"wp:attachment":[{"href":"https:\/\/jornaldeitaipava.com.br\/index.php\/wp-json\/wp\/v2\/media?parent=41013"}],"wp:term":[{"taxonomy":"category","embeddable":true,"href":"https:\/\/jornaldeitaipava.com.br\/index.php\/wp-json\/wp\/v2\/categories?post=41013"},{"taxonomy":"post_tag","embeddable":true,"href":"https:\/\/jornaldeitaipava.com.br\/index.php\/wp-json\/wp\/v2\/tags?post=41013"}],"curies":[{"name":"wp","href":"https:\/\/api.w.org\/{rel}","templated":true}]}}