{"id":41105,"date":"2024-08-07T12:56:12","date_gmt":"2024-08-07T15:56:12","guid":{"rendered":"http:\/\/jornaldeitaipava.com.br\/?p=41105"},"modified":"2024-08-07T12:56:14","modified_gmt":"2024-08-07T15:56:14","slug":"diversao-para-toda-a-familia-na-programacao-de-dia-dos-pais-do-hipershopping","status":"publish","type":"post","link":"https:\/\/jornaldeitaipava.com.br\/index.php\/2024\/08\/07\/diversao-para-toda-a-familia-na-programacao-de-dia-dos-pais-do-hipershopping\/","title":{"rendered":"Divers\u00e3o para toda a fam\u00edlia na programa\u00e7\u00e3o de Dia dos Pais do Hipershopping"},"content":{"rendered":"\n<p class=\"has-text-align-center\"><strong>Tributo ao Elton John e Tears for Fears, recrea\u00e7\u00e3o infantil com Catnoir e conta\u00e7\u00e3o de hist\u00f3ria agitam o pr\u00f3ximo final de semana no Hiper.<\/strong><\/p>\n\n\n\n<p>A programa\u00e7\u00e3o do final de semana come\u00e7a com show do cantor Marcus Ulerich, na sexta-feira (09), das 17h \u00e0s 20h, no mall do primeiro piso. Mais tarde, \u00e0s 19h tem show com Marcos Gruender em tributo ao Elton John, no Palco Hiper da Pra\u00e7a de Alimenta\u00e7\u00e3o, que conta com v\u00e1rias op\u00e7\u00f5es gastron\u00f4micas, sobremesas, cervejas e drinks.<br>No s\u00e1bado, dia 10, os eventos v\u00e3o das 10h da manh\u00e3 \u00e0s 10h da noite, com atividades in\u00e9ditas para as crian\u00e7as. \u00c0s 10h, as crian\u00e7as podem participar da recrea\u00e7\u00e3o infantil e da oficina com o personagem Catnoir. Mais tarde, \u00e0s 15h tem conta\u00e7\u00e3o da hist\u00f3ria \u201cO Filho do Gr\u00fafalo\u201d com a Tia Janice, da Pintou Hist\u00f3ria. No final da tarde, \u00e0s 17h, o cantor Marcos Gruender volta ao Hiper com tributo ao Elton John, em homenagem aos pais, desta vez, no mall do primeiro piso.<br>A partir das 19h, a banda River Raid se apresenta no Palco Hiper da Pra\u00e7a de Alimenta\u00e7\u00e3o, com tributo a banda Tears For Fears.<br>Em um novo momento com o petropolitano, o Hiper tem agitado a cidade com programa\u00e7\u00e3o gratuita para todas as idades. Toda segunda, \u00e0s 20h, aula de dan\u00e7a e passinhos retr\u00f4, na Praca de Alimentac\u00e3o.Todas as ter\u00e7as e quintas, a partir das 11h, acontecem atividades f\u00edsicas destinadas ao bem estar da melhor idade. No \u00faltimo domingo do m\u00eas, sempre \u00e0s 15h, acontece o Baile da Gera\u00e7\u00e3o Prateada.<br>O shopping tem parque infantil, parque pet, boliche, kart indoor, xadrez gigante, coworking, supermercado, unidade modelo do Detran-RJ, v\u00e1rias secretarias da Prefeitura de Petr\u00f3polis, laborat\u00f3rio de an\u00e1lises cl\u00ednicas, lot\u00e9rica, farm\u00e1cia, \u00f3tica, lavanderia, sal\u00f5es de beleza, contadores, advogados, arquitetos, m\u00e9dicos, dentistas, psic\u00f3logos, fonoaudi\u00f3logos, fisioterapeutas, lojas de inform\u00e1tica, casa e decora\u00e7\u00e3o, presentes, roupas, noivas, festas, bijuterias, brinquedos, cal\u00e7ados e lanchonetes. O estacionamento coberto tem vaga para cerca de mil autom\u00f3veis e custa R$6,00 por duas horas.<\/p>\n","protected":false},"excerpt":{"rendered":"<p>Tributo ao Elton John e Tears for Fears, recrea\u00e7\u00e3o infantil com Catnoir e conta\u00e7\u00e3o de<\/p>\n","protected":false},"author":1,"featured_media":37727,"comment_status":"closed","ping_status":"open","sticky":false,"template":"","format":"standard","meta":{"spay_email":"","footnotes":"","jetpack_publicize_message":""},"categories":[42],"tags":[],"jetpack_featured_media_url":"https:\/\/i1.wp.com\/jornaldeitaipava.com.br\/wp-content\/uploads\/2023\/12\/hipershopping.jpeg?fit=1600%2C1200&ssl=1","jetpack_publicize_connections":[],"jetpack_sharing_enabled":true,"jetpack_likes_enabled":true,"jetpack-related-posts":[],"_links":{"self":[{"href":"https:\/\/jornaldeitaipava.com.br\/index.php\/wp-json\/wp\/v2\/posts\/41105"}],"collection":[{"href":"https:\/\/jornaldeitaipava.com.br\/index.php\/wp-json\/wp\/v2\/posts"}],"about":[{"href":"https:\/\/jornaldeitaipava.com.br\/index.php\/wp-json\/wp\/v2\/types\/post"}],"author":[{"embeddable":true,"href":"https:\/\/jornaldeitaipava.com.br\/index.php\/wp-json\/wp\/v2\/users\/1"}],"replies":[{"embeddable":true,"href":"https:\/\/jornaldeitaipava.com.br\/index.php\/wp-json\/wp\/v2\/comments?post=41105"}],"version-history":[{"count":1,"href":"https:\/\/jornaldeitaipava.com.br\/index.php\/wp-json\/wp\/v2\/posts\/41105\/revisions"}],"predecessor-version":[{"id":41106,"href":"https:\/\/jornaldeitaipava.com.br\/index.php\/wp-json\/wp\/v2\/posts\/41105\/revisions\/41106"}],"wp:featuredmedia":[{"embeddable":true,"href":"https:\/\/jornaldeitaipava.com.br\/index.php\/wp-json\/wp\/v2\/media\/37727"}],"wp:attachment":[{"href":"https:\/\/jornaldeitaipava.com.br\/index.php\/wp-json\/wp\/v2\/media?parent=41105"}],"wp:term":[{"taxonomy":"category","embeddable":true,"href":"https:\/\/jornaldeitaipava.com.br\/index.php\/wp-json\/wp\/v2\/categories?post=41105"},{"taxonomy":"post_tag","embeddable":true,"href":"https:\/\/jornaldeitaipava.com.br\/index.php\/wp-json\/wp\/v2\/tags?post=41105"}],"curies":[{"name":"wp","href":"https:\/\/api.w.org\/{rel}","templated":true}]}}