{"id":41112,"date":"2024-08-07T13:04:39","date_gmt":"2024-08-07T16:04:39","guid":{"rendered":"http:\/\/jornaldeitaipava.com.br\/?p=41112"},"modified":"2024-08-07T13:04:41","modified_gmt":"2024-08-07T16:04:41","slug":"tse-lanca-canal-para-receber-denuncias-de-desinformacao-nas-eleicoes","status":"publish","type":"post","link":"https:\/\/jornaldeitaipava.com.br\/index.php\/2024\/08\/07\/tse-lanca-canal-para-receber-denuncias-de-desinformacao-nas-eleicoes\/","title":{"rendered":"TSE lan\u00e7a canal para receber den\u00fancias de desinforma\u00e7\u00e3o nas elei\u00e7\u00f5es"},"content":{"rendered":"\n<p>A presidente do Tribunal Superior Eleitoral (TSE), ministra C\u00e1rmen L\u00facia, informou nesta ter\u00e7a-feira (6) que os eleitores poder\u00e3o denunciar casos de desinforma\u00e7\u00e3o durante a campanha eleitoral.<br>A Justi\u00e7a Eleitoral vai disponibilizar o n\u00famero telef\u00f4nico 1491, pelo qual o cidad\u00e3o poder\u00e1 informar \u00e0 Justi\u00e7a Eleitoral qualquer tipo de desinforma\u00e7\u00e3o que tiver presenciado. A liga\u00e7\u00e3o \u00e9 gratuita.<br>Ao receber a den\u00fancia, o Centro Integrado de Enfrentamento \u00e0 Desinforma\u00e7\u00e3o e Defesa da Democracia, \u00f3rg\u00e3o do TSE, vai verificar a proced\u00eancia da informa\u00e7\u00e3o e encaminhar o caso para a Pol\u00edcia Federal ou o Minist\u00e9rio P\u00fablico Eleitoral (MPE) para as provid\u00eancias cab\u00edveis. O servi\u00e7o estar\u00e1 dispon\u00edvel a partir desta quarta-feira (7).<br>Al\u00e9m disso, a Pol\u00edcia Federal ter\u00e1 um painel de acompanhamento do andamento das den\u00fancias recebidas.<br>\u201cSer\u00e1 devidamente encaminhado para que, em tempo e velocidade recorde, a gente possa ter a resposta devida a essa den\u00fancia, essa desconfian\u00e7a, para que a pessoa n\u00e3o se engane daquilo que \u00e9 passado\u201d, afirmou a presidente.<br>A ministra tamb\u00e9m informou que as plataformas de internet assinaram acordos com o TSE para combater a desinforma\u00e7\u00e3o durante o pleito. De acordo com a presidente, as redes sociais dever\u00e3o colaborar com a Justi\u00e7a Eleitoral para garantir o voto livre e sem contamina\u00e7\u00e3o por mentiras.<br>\u201cEsses acordos foram assinados nos \u00faltimos dias e j\u00e1 est\u00e3o em vigor\u201d, completou a ministra.<\/p>\n\n\n\n<p><strong>Campanha eleitoral<br><\/strong>Nesta ter\u00e7a-feira (6), o TSE tamb\u00e9m lan\u00e7ou uma campanha informativa em parceria com a Associa\u00e7\u00e3o Nacional dos Editores de Revistas (Aner) para evitar a dissemina\u00e7\u00e3o de mentiras durante o pleito. Com o slogan &#8220;Jornalismo \u00e9 confi\u00e1vel&#8221;, a campanha trar\u00e1 an\u00fancios informativos para esclarecer o eleitor e evitar a propaga\u00e7\u00e3o de mentiras que possam abalar o pleito.<\/p>\n\n\n\n<p>Da Ag\u00eancia Brasil<\/p>\n","protected":false},"excerpt":{"rendered":"<p>A presidente do Tribunal Superior Eleitoral (TSE), ministra C\u00e1rmen L\u00facia, informou nesta ter\u00e7a-feira (6) que<\/p>\n","protected":false},"author":1,"featured_media":791,"comment_status":"closed","ping_status":"open","sticky":false,"template":"","format":"standard","meta":{"spay_email":"","footnotes":"","jetpack_publicize_message":""},"categories":[2],"tags":[],"jetpack_featured_media_url":"https:\/\/i1.wp.com\/jornaldeitaipava.com.br\/wp-content\/uploads\/2020\/09\/TSE.jpg?fit=1920%2C1080&ssl=1","jetpack_publicize_connections":[],"jetpack_sharing_enabled":true,"jetpack_likes_enabled":true,"jetpack-related-posts":[],"_links":{"self":[{"href":"https:\/\/jornaldeitaipava.com.br\/index.php\/wp-json\/wp\/v2\/posts\/41112"}],"collection":[{"href":"https:\/\/jornaldeitaipava.com.br\/index.php\/wp-json\/wp\/v2\/posts"}],"about":[{"href":"https:\/\/jornaldeitaipava.com.br\/index.php\/wp-json\/wp\/v2\/types\/post"}],"author":[{"embeddable":true,"href":"https:\/\/jornaldeitaipava.com.br\/index.php\/wp-json\/wp\/v2\/users\/1"}],"replies":[{"embeddable":true,"href":"https:\/\/jornaldeitaipava.com.br\/index.php\/wp-json\/wp\/v2\/comments?post=41112"}],"version-history":[{"count":1,"href":"https:\/\/jornaldeitaipava.com.br\/index.php\/wp-json\/wp\/v2\/posts\/41112\/revisions"}],"predecessor-version":[{"id":41113,"href":"https:\/\/jornaldeitaipava.com.br\/index.php\/wp-json\/wp\/v2\/posts\/41112\/revisions\/41113"}],"wp:featuredmedia":[{"embeddable":true,"href":"https:\/\/jornaldeitaipava.com.br\/index.php\/wp-json\/wp\/v2\/media\/791"}],"wp:attachment":[{"href":"https:\/\/jornaldeitaipava.com.br\/index.php\/wp-json\/wp\/v2\/media?parent=41112"}],"wp:term":[{"taxonomy":"category","embeddable":true,"href":"https:\/\/jornaldeitaipava.com.br\/index.php\/wp-json\/wp\/v2\/categories?post=41112"},{"taxonomy":"post_tag","embeddable":true,"href":"https:\/\/jornaldeitaipava.com.br\/index.php\/wp-json\/wp\/v2\/tags?post=41112"}],"curies":[{"name":"wp","href":"https:\/\/api.w.org\/{rel}","templated":true}]}}