{"id":41121,"date":"2024-08-08T11:43:39","date_gmt":"2024-08-08T14:43:39","guid":{"rendered":"http:\/\/jornaldeitaipava.com.br\/?p=41121"},"modified":"2024-08-08T11:43:40","modified_gmt":"2024-08-08T14:43:40","slug":"programacao-das-salas-cinemaxx-petropolis-2","status":"publish","type":"post","link":"https:\/\/jornaldeitaipava.com.br\/index.php\/2024\/08\/08\/programacao-das-salas-cinemaxx-petropolis-2\/","title":{"rendered":"Programa\u00e7\u00e3o das salas Cinemaxx Petr\u00f3polis"},"content":{"rendered":"\n<p class=\"has-text-align-center\">CINEMAXX MERCADO ESTA\u00c7\u00c3O<br>Rua Paulo Barbosa, 310 \/ 1\u00ba piso<br>Centro \u2013 Petr\u00f3polis\/RJ<br><a href=\"http:\/\/www.cinemaxx.com.br\" data-type=\"link\" data-id=\"www.cinemaxx.com.br\">www.cinemaxx.com.br<\/a><\/p>\n\n\n\n<p class=\"has-text-align-center\">PROGRAMA\u00c7\u00c3O V\u00c1LIDA DE 08 \/ 08 \/ 24 a 14 \/ 08 \/ 24<\/p>\n\n\n\n<p>SALA 1<\/p>\n\n\n\n<p><strong>DEADPOOL &amp; WOLVERINE<br><\/strong>A\u00e7\u00e3o, com\u00e9dia, fic\u00e7\u00e3o-cient\u00edfica \u2013 3a semana<br>Classifica\u00e7\u00e3o: 18 anos<br>Hor\u00e1rio: 2D \u2013 Dublado \u2013 15h30, 18h e 20h30<br>2\u00aa feira \u2013 dia 12 \u2013 n\u00e3o haver\u00e1 sess\u00e3o<\/p>\n\n\n\n<p>SINOPSE: Deadpool &amp; Wolverine re\u00fane o ic\u00f4nico mercen\u00e1rio tagarela Wade Wilson (Ryan Reynolds) e o poderoso mutante Wolverine (Hugh Jackman) em uma aventura explosiva, escrita e produzida pelos mesmos talentos por tr\u00e1s de Deadpool (2016) e Deadpool 2 (2018). Wade Wilson desfruta de um momento de aparente calma ao lado de Vanessa (Morena Baccarin) e seus amigos e, em contra partida, Wolverine se recupera de seus ferimentos. Um t\u00eam os seus caminhos cruzados com o outro, dando in\u00edcio a uma improv\u00e1vel alian\u00e7a. Juntos, eles enfrentam um inimigo formid\u00e1vel em comum, desencadeando uma jornada repleta de a\u00e7\u00e3o, humor e reviravoltas surpreendentes. Deadpool &amp; Wolverine promete ser uma aventura \u00e9pica, cheia de refer\u00eancias aos quadrinhos e momentos de pura adrenalina, proporcionando aos f\u00e3s uma experi\u00eancia \u00fanica e inesquec\u00edvel no universo dos super-her\u00f3is. Saiba mais acessando: www.disney.com.br<\/p>\n\n\n\n<p>SALA 2<\/p>\n\n\n\n<p><strong>\u00c9 ASSIM QUE ACABA<br><\/strong>Drama, romance \u2013 estreia<br>Classifica\u00e7\u00e3o: 14 anos<br>Hor\u00e1rio: 2D \u2013 Dublado \u2013 15h, 17h30 e 20h<br>2\u00aa feira \u2013 dia 12 \u2013 n\u00e3o haver\u00e1 sess\u00e3o<\/p>\n\n\n\n<p>SINOPSE: \u00c9 Assim Que Acaba, longa do diretor Justin Baldoni, \u00e9 uma adapta\u00e7\u00e3o cinematogr\u00e1fica do livro de mesmo nome da autora Collen Hoover. Na trama, Lily Bloom (Blake Lively) \u00e9 uma mulher que, ap\u00f3s vivenciar eventos traum\u00e1ticos na inf\u00e2ncia, decide come\u00e7ar uma vida nova em Boston e tentar abrir o pr\u00f3prio neg\u00f3cio. Como consequ\u00eancia dessa mudan\u00e7a de vida, Lily acredita que encontrou o amor verdadeiro em Ryle (Justin Baldoni), um charmoso neurocirurgi\u00e3o. No entanto, \u00e0 medida que o relacionamento se torna cada vez mais s\u00e9rio, tamb\u00e9m surgem lembran\u00e7as de como era o relacionamento de seus pais. At\u00e9 que, repentinamente, Atlas Corrigan (Brandon Sklenar), seu primeiro amor e uma liga\u00e7\u00e3o com o passado &#8211; uma alma g\u00eamea, talvez? &#8211; retorna para a vida de Lily. As coisas se complicam ainda mais, quando um incidente doloroso desencadeia um trauma do passado, amea\u00e7ando tudo o que Lily construiu com Ryle. Agora, com seu primeiro amor de volta em sua vida, ela precisar\u00e1 decidir se tem o que \u00e9 preciso para levar o casamento adiante.. Saiba mais acessando: www.sonypictures.com.br<\/p>\n\n\n\n<p>SALA 3<\/p>\n\n\n\n<p><strong>MEU MALVADO FAVORITO 4<br><\/strong>Fam\u00edlia, aventura, anima\u00e7\u00e3o, com\u00e9dia \u2013 6a semana<br>Classifica\u00e7\u00e3o: livre<br>Hor\u00e1rio: 2D \u2013 Dublado \u2013 15h45 \u2013 somente 5\u00aa feira, s\u00e1bado e 3\u00aa feira<\/p>\n\n\n\n<p>SINOPSE: Nesta sequ\u00eancia, o vil\u00e3o mais amado do planeta retorna e agora Gru, Lucy, Margo, Edith e Agnes d\u00e3o as boas-vindas a um novo membro da fam\u00edlia: Gru Jr., que pretende atormentar seu pai. Enquanto se adapta com o pequeno, Gru enfrenta um novo inimigo, Maxime Le Mal, for\u00e7ando sua namorada Valentina e a fam\u00edlia a fugir do perigo. tamb\u00e9m.. Saiba mais acessando: www.universalpictures.com.br<\/p>\n\n\n\n<p>SALA 3<\/p>\n\n\n\n<p><strong>DIVERTIDAMENTE 2<br><\/strong>Fam\u00edlia, aventura, anima\u00e7\u00e3o, com\u00e9dia \u2013 8a semana<br>Classifica\u00e7\u00e3o: livre<br>Hor\u00e1rio: 2D \u2013 Dublado \u2013 15h45 \u2013 somente 6\u00aa feira, domingo e 4\u00aa feira<\/p>\n\n\n\n<p>SINOPSE: Divertidamente 2 marca a sequ\u00eancia da famosa hist\u00f3ria de Riley (Kaitlyn Dias). Com um salto temporal, a garota agora se encontra mais velha, com 13 anos de idade, passando pela t\u00e3o temida pr\u00e9-adolesc\u00eancia. Junto com o amadurecimento, a sala de controle mental da jovem tamb\u00e9m est\u00e1 passando por uma demoli\u00e7\u00e3o para dar lugar a algo totalmente inesperado: novas emo\u00e7\u00f5es. As j\u00e1 conhecidas, Alegria (Amy Poehler), Tristeza (Phyllis Smith), Raiva (Lewis Black), Medo (Tony Hale) e Nojinho (Liza Lapira), que desde quando Riley \u00e9 beb\u00ea, eles predominam a central de controle da garota em uma opera\u00e7\u00e3o bem-sucedida, tendo algumas falhas no percurso como foi apresentado no primeiro filme. As antigas emo\u00e7\u00f5es n\u00e3o t\u00eam certeza de como se sentir e com agir quando novos inquilinos chegam ao local, sendo um deles a t\u00e3o temida Ansiedade (Maya Hawke). Inveja (Ayo Edebiri), T\u00e9dio (Ad\u00e8le Exarchopoulos) e Vergonha (Paul Walter Hauser) integrar\u00e3o juntos com a Ansiedade na mente de Riley, assim como a Nostalgia (June Squibb) que aparecer\u00e1 tamb\u00e9m.. Saiba mais acessando: www.disney.com.br<\/p>\n\n\n\n<p>SALA 3<\/p>\n\n\n\n<p><strong>ARMADILHA<br><\/strong>Terror, suspense \u2013 estreia<br>Classifica\u00e7\u00e3o: 14 anos<br>Hor\u00e1rio: 2D \u2013 Dublado \u2013 17h45 e 20h15<br>2\u00aa feira \u2013 dia 12 \u2013 n\u00e3o haver\u00e1 sess\u00e3o<\/p>\n\n\n\n<p>SINOPSE: Armadilha, com dire\u00e7\u00e3o e roteiro por M. Night Shyamalan, segue Cooper (Josh Hartnett) e sua filha adolescente. Ambos est\u00e3o em um show de m\u00fasica pop quando Cooper percebe a presen\u00e7a excessiva de policiais ao redor e isso o deixa inquieto. Rapidamente, ele consegue descobrir com a equipe que trabalha no local, que ambos est\u00e3o no epicentro de uma armadilha montada para capturar um serial killer. O que deveria ser uma noite de divers\u00e3o entre pai e filha, se transforma em uma luta desesperada pela sobreviv\u00eancia, enquanto tentam escapar das garras do assassino que os cercou. Contudo, a verdade \u00e9 que Cooper est\u00e1 fugindo dele mesmo. O filme acompanha a angustiante jornada de Cooper e sua filha enquanto s\u00e3o perseguidos implacavelmente, com uma trilha sonora que intensifica cada momento de suspense e adrenalina. Entre reviravoltas chocantes e confrontos emocionais, eles precisam encontrar uma maneira de desvendar o plano do assassino e sair vivos dessa situa\u00e7\u00e3o desesperadora.. Saiba mais acessando: www.warnerbros.com.br<\/p>\n","protected":false},"excerpt":{"rendered":"<p>CINEMAXX MERCADO ESTA\u00c7\u00c3ORua Paulo Barbosa, 310 \/ 1\u00ba pisoCentro \u2013 Petr\u00f3polis\/RJwww.cinemaxx.com.br PROGRAMA\u00c7\u00c3O V\u00c1LIDA DE 08<\/p>\n","protected":false},"author":1,"featured_media":41122,"comment_status":"closed","ping_status":"open","sticky":false,"template":"","format":"standard","meta":{"spay_email":"","footnotes":"","jetpack_publicize_message":""},"categories":[1],"tags":[],"jetpack_featured_media_url":"https:\/\/i1.wp.com\/jornaldeitaipava.com.br\/wp-content\/uploads\/2024\/08\/WhatsApp-Image-2024-08-08-at-11.00.24.jpeg?fit=1600%2C900&ssl=1","jetpack_publicize_connections":[],"jetpack_sharing_enabled":true,"jetpack_likes_enabled":true,"jetpack-related-posts":[],"_links":{"self":[{"href":"https:\/\/jornaldeitaipava.com.br\/index.php\/wp-json\/wp\/v2\/posts\/41121"}],"collection":[{"href":"https:\/\/jornaldeitaipava.com.br\/index.php\/wp-json\/wp\/v2\/posts"}],"about":[{"href":"https:\/\/jornaldeitaipava.com.br\/index.php\/wp-json\/wp\/v2\/types\/post"}],"author":[{"embeddable":true,"href":"https:\/\/jornaldeitaipava.com.br\/index.php\/wp-json\/wp\/v2\/users\/1"}],"replies":[{"embeddable":true,"href":"https:\/\/jornaldeitaipava.com.br\/index.php\/wp-json\/wp\/v2\/comments?post=41121"}],"version-history":[{"count":1,"href":"https:\/\/jornaldeitaipava.com.br\/index.php\/wp-json\/wp\/v2\/posts\/41121\/revisions"}],"predecessor-version":[{"id":41123,"href":"https:\/\/jornaldeitaipava.com.br\/index.php\/wp-json\/wp\/v2\/posts\/41121\/revisions\/41123"}],"wp:featuredmedia":[{"embeddable":true,"href":"https:\/\/jornaldeitaipava.com.br\/index.php\/wp-json\/wp\/v2\/media\/41122"}],"wp:attachment":[{"href":"https:\/\/jornaldeitaipava.com.br\/index.php\/wp-json\/wp\/v2\/media?parent=41121"}],"wp:term":[{"taxonomy":"category","embeddable":true,"href":"https:\/\/jornaldeitaipava.com.br\/index.php\/wp-json\/wp\/v2\/categories?post=41121"},{"taxonomy":"post_tag","embeddable":true,"href":"https:\/\/jornaldeitaipava.com.br\/index.php\/wp-json\/wp\/v2\/tags?post=41121"}],"curies":[{"name":"wp","href":"https:\/\/api.w.org\/{rel}","templated":true}]}}