{"id":41124,"date":"2024-08-08T11:45:40","date_gmt":"2024-08-08T14:45:40","guid":{"rendered":"http:\/\/jornaldeitaipava.com.br\/?p=41124"},"modified":"2024-08-08T11:45:42","modified_gmt":"2024-08-08T14:45:42","slug":"cadastro-para-castracao-de-caes-e-gatos-do-alto-da-serra-e-regiao-comeca-no-dia-12","status":"publish","type":"post","link":"https:\/\/jornaldeitaipava.com.br\/index.php\/2024\/08\/08\/cadastro-para-castracao-de-caes-e-gatos-do-alto-da-serra-e-regiao-comeca-no-dia-12\/","title":{"rendered":"Cadastro para castra\u00e7\u00e3o de c\u00e3es e gatos do Alto da Serra e regi\u00e3o come\u00e7a no dia 12"},"content":{"rendered":"\n<p>A Coordenadoria de Vigil\u00e2ncia Ambiental inicia no pr\u00f3ximo dia 12 de agosto o cadastro de c\u00e3es e gatos para a a\u00e7\u00e3o de castra\u00e7\u00e3o nas regi\u00f5es do Alto da Serra. Os procedimentos cir\u00fargicos ser\u00e3o realizados de 17 a 22 de setembro, na Igreja de Santo Ant\u00f4nio do Alto da Serra.<\/p>\n\n\n\n<p>Calend\u00e1rio para cadastramento:<br>12\/08<\/p>\n\n\n\n<ul>\n<li>PSF Meio da Serra: 9h \u00e0s 16h\n<ul>\n<li>Estrada da Serra Velha da Estrela, s\/n<\/li>\n<\/ul>\n<\/li>\n\n\n\n<li>Escola Municipal Geraldo Ventura Dias: 9h \u00e0s 12h\n<ul>\n<li>Estrada da Serra Velha da Estrela, Alto da Serra<\/li>\n<\/ul>\n<\/li>\n<\/ul>\n\n\n\n<p>13\/08<\/p>\n\n\n\n<ul>\n<li>PSF Vila Felipe: 9h \u00e0s 16h\n<ul>\n<li>Rua Herm\u00ednio Schimidit, 1, Vila Felipe<\/li>\n<\/ul>\n<\/li>\n\n\n\n<li>Associa\u00e7\u00e3o de Moradores do Ch\u00e1cara Flora: 9h \u00e0s 12h<ul><li>Rua Carmem da Ponte Marcolino, 823, Ch\u00e1cara Flora<\/li><\/ul>14\/08<\/li>\n\n\n\n<li>PSF Alto da Serra: 9h \u00e0s 16h\n<ul>\n<li>Rua Teresa, 2.024, Alto da Serra<\/li>\n<\/ul>\n<\/li>\n\n\n\n<li>UBS Morin: 9h \u00e0s 16h\n<ul>\n<li>Rua Pedro Ivo, 81, Morin<\/li>\n<\/ul>\n<\/li>\n<\/ul>\n\n\n\n<p>15\/08<\/p>\n\n\n\n<ul>\n<li>PSF Alto da Serra: 9h \u00e0s 16h\n<ul>\n<li>Rua Teresa, 2.024, Alto da Serra<\/li>\n<\/ul>\n<\/li>\n\n\n\n<li>UBS Morin: 9h \u00e0s 16h\n<ul>\n<li>Rua Pedro Ivo, 81, Morin<\/li>\n<\/ul>\n<\/li>\n<\/ul>\n\n\n\n<p>16\/08<\/p>\n\n\n\n<ul>\n<li>PSF 24 de Maio: 9h \u00e0s 16h\n<ul>\n<li>Rua 24 de Maio, 197<\/li>\n<\/ul>\n<\/li>\n<\/ul>\n","protected":false},"excerpt":{"rendered":"<p>A Coordenadoria de Vigil\u00e2ncia Ambiental inicia no pr\u00f3ximo dia 12 de agosto o cadastro de<\/p>\n","protected":false},"author":1,"featured_media":10075,"comment_status":"closed","ping_status":"open","sticky":false,"template":"","format":"standard","meta":{"spay_email":"","footnotes":"","jetpack_publicize_message":""},"categories":[24],"tags":[],"jetpack_featured_media_url":"https:\/\/i1.wp.com\/jornaldeitaipava.com.br\/wp-content\/uploads\/2021\/02\/gato.jpg?fit=519%2C360&ssl=1","jetpack_publicize_connections":[],"jetpack_sharing_enabled":true,"jetpack_likes_enabled":true,"jetpack-related-posts":[],"_links":{"self":[{"href":"https:\/\/jornaldeitaipava.com.br\/index.php\/wp-json\/wp\/v2\/posts\/41124"}],"collection":[{"href":"https:\/\/jornaldeitaipava.com.br\/index.php\/wp-json\/wp\/v2\/posts"}],"about":[{"href":"https:\/\/jornaldeitaipava.com.br\/index.php\/wp-json\/wp\/v2\/types\/post"}],"author":[{"embeddable":true,"href":"https:\/\/jornaldeitaipava.com.br\/index.php\/wp-json\/wp\/v2\/users\/1"}],"replies":[{"embeddable":true,"href":"https:\/\/jornaldeitaipava.com.br\/index.php\/wp-json\/wp\/v2\/comments?post=41124"}],"version-history":[{"count":1,"href":"https:\/\/jornaldeitaipava.com.br\/index.php\/wp-json\/wp\/v2\/posts\/41124\/revisions"}],"predecessor-version":[{"id":41125,"href":"https:\/\/jornaldeitaipava.com.br\/index.php\/wp-json\/wp\/v2\/posts\/41124\/revisions\/41125"}],"wp:featuredmedia":[{"embeddable":true,"href":"https:\/\/jornaldeitaipava.com.br\/index.php\/wp-json\/wp\/v2\/media\/10075"}],"wp:attachment":[{"href":"https:\/\/jornaldeitaipava.com.br\/index.php\/wp-json\/wp\/v2\/media?parent=41124"}],"wp:term":[{"taxonomy":"category","embeddable":true,"href":"https:\/\/jornaldeitaipava.com.br\/index.php\/wp-json\/wp\/v2\/categories?post=41124"},{"taxonomy":"post_tag","embeddable":true,"href":"https:\/\/jornaldeitaipava.com.br\/index.php\/wp-json\/wp\/v2\/tags?post=41124"}],"curies":[{"name":"wp","href":"https:\/\/api.w.org\/{rel}","templated":true}]}}