{"id":41137,"date":"2024-08-08T11:59:33","date_gmt":"2024-08-08T14:59:33","guid":{"rendered":"http:\/\/jornaldeitaipava.com.br\/?p=41137"},"modified":"2024-08-08T11:59:35","modified_gmt":"2024-08-08T14:59:35","slug":"mprj-assina-termo-de-compromisso-com-o-inea-para-a-aquisicao-de-dois-radares-meteorologicos-para-monitorar-a-regiao-serrana","status":"publish","type":"post","link":"https:\/\/jornaldeitaipava.com.br\/index.php\/2024\/08\/08\/mprj-assina-termo-de-compromisso-com-o-inea-para-a-aquisicao-de-dois-radares-meteorologicos-para-monitorar-a-regiao-serrana\/","title":{"rendered":"MPRJ assina Termo de Compromisso com o INEA para a aquisi\u00e7\u00e3o de dois radares meteorol\u00f3gicos para monitorar a regi\u00e3o serrana"},"content":{"rendered":"\n<p>O Minist\u00e9rio P\u00fablico do Estado do Rio de Janeiro (MPRJ) firmou um Termo de Compromisso com o Instituto Estadual do Ambiente (INEA), com interveni\u00eancia do Estado do Rio de Janeiro, nesta segunda-feira (05\/08), para que sejam adquiridos dois radares meteorol\u00f3gicos que auxiliar\u00e3o no monitoramento das chuvas na regi\u00e3o serrana. Os equipamentos ser\u00e3o comprados em um prazo m\u00e1ximo de seis meses com recursos do projeto \u201cIncremento da cobertura da estimativa de chuva por radar no estado do Rio de Janeiro\u201d, do Fundo Estadual de Controle Ambiental (FECAM).<\/p>\n\n\n\n<p>Os radares ser\u00e3o instalados na Serra do Capim, em Teres\u00f3polis, e em um local a ser definido na regi\u00e3o sul do estado. Enquanto o equipamento da Serra do Capim atender\u00e1 as regi\u00f5es hidrogr\u00e1ficas IV (Piabanha) e VII (Rio Dois Rios), o radar a ser instalado no sul fluminense ajudar\u00e1 na previs\u00e3o \u00e0 chegada de frentes frias na regi\u00e3o serrana. Al\u00e9m dos dois equipamentos, o banco Bradesco tamb\u00e9m entregar\u00e1 ao Munic\u00edpio de Petr\u00f3polis mais um radar meteorol\u00f3gico, que ser\u00e1 instalado nas Torres do Morin, ap\u00f3s assinar com o MPRJ um Acordo de N\u00e3o Persecu\u00e7\u00e3o C\u00edvel no \u00faltimo dia 13\/06.<\/p>\n\n\n\n<p>\u201cEsse dia \u00e9 hist\u00f3rico para a cidade de Petr\u00f3polis e para a regi\u00e3o serrana como um todo. O radar banda x ajuda no monitoramento dando uma maior precis\u00e3o do local da precipita\u00e7\u00e3o das chuvas e auxiliando o gestor na tomada de decis\u00e3o, com aviso \u00e0 popula\u00e7\u00e3o para se preparar para o desastre e assim diminuir o n\u00famero de mortes. \u00c9 mais um passo para que a resili\u00eancia da cidade se estabele\u00e7a\u201d, afirmou a promotora de Justi\u00e7a Zilda Januzzi.<\/p>\n\n\n\n<p>Participaram da assinatura do Termo de Compromisso, na sede do MPRJ em Petr\u00f3polis, as promotoras de Justi\u00e7a Zilda Januzzi, da 1\u00aa Promotoria de Justi\u00e7a de Tutela Coletiva do N\u00facleo Petr\u00f3polis, e Vanessa Katz, da 2\u00aa Promotoria de Justi\u00e7a de Tutela Coletiva do N\u00facleo Petr\u00f3polis, al\u00e9m da procuradora de Justi\u00e7a Denise Tarin. Os promotores de Justi\u00e7a Cl\u00e1udia Condack, da 1\u00aa Promotoria de Justi\u00e7a de Tutela Coletiva do N\u00facleo Nova Friburgo, e Rafael Lemos, da 1\u00aa Promotoria de Justi\u00e7a de Tutela Coletiva do N\u00facleo Teres\u00f3polis, participaram remotamente do encontro. O presidente do Instituto Estadual do Ambiente (INEA), Renato Jord\u00e3o Bussiere, e o secret\u00e1rio de Estado de Ambiente e Sustentabilidade, Bernardo Rossi, assinaram o documento durante o encontro, que contou com a presen\u00e7a de lideran\u00e7as comunit\u00e1rias de Petr\u00f3polis.<\/p>\n","protected":false},"excerpt":{"rendered":"<p>O Minist\u00e9rio P\u00fablico do Estado do Rio de Janeiro (MPRJ) firmou um Termo de Compromisso<\/p>\n","protected":false},"author":1,"featured_media":15162,"comment_status":"closed","ping_status":"open","sticky":false,"template":"","format":"standard","meta":{"spay_email":"","footnotes":"","jetpack_publicize_message":""},"categories":[2],"tags":[],"jetpack_featured_media_url":"https:\/\/i2.wp.com\/jornaldeitaipava.com.br\/wp-content\/uploads\/2021\/05\/mprj.jpg?fit=1128%2C610&ssl=1","jetpack_publicize_connections":[],"jetpack_sharing_enabled":true,"jetpack_likes_enabled":true,"jetpack-related-posts":[],"_links":{"self":[{"href":"https:\/\/jornaldeitaipava.com.br\/index.php\/wp-json\/wp\/v2\/posts\/41137"}],"collection":[{"href":"https:\/\/jornaldeitaipava.com.br\/index.php\/wp-json\/wp\/v2\/posts"}],"about":[{"href":"https:\/\/jornaldeitaipava.com.br\/index.php\/wp-json\/wp\/v2\/types\/post"}],"author":[{"embeddable":true,"href":"https:\/\/jornaldeitaipava.com.br\/index.php\/wp-json\/wp\/v2\/users\/1"}],"replies":[{"embeddable":true,"href":"https:\/\/jornaldeitaipava.com.br\/index.php\/wp-json\/wp\/v2\/comments?post=41137"}],"version-history":[{"count":1,"href":"https:\/\/jornaldeitaipava.com.br\/index.php\/wp-json\/wp\/v2\/posts\/41137\/revisions"}],"predecessor-version":[{"id":41138,"href":"https:\/\/jornaldeitaipava.com.br\/index.php\/wp-json\/wp\/v2\/posts\/41137\/revisions\/41138"}],"wp:featuredmedia":[{"embeddable":true,"href":"https:\/\/jornaldeitaipava.com.br\/index.php\/wp-json\/wp\/v2\/media\/15162"}],"wp:attachment":[{"href":"https:\/\/jornaldeitaipava.com.br\/index.php\/wp-json\/wp\/v2\/media?parent=41137"}],"wp:term":[{"taxonomy":"category","embeddable":true,"href":"https:\/\/jornaldeitaipava.com.br\/index.php\/wp-json\/wp\/v2\/categories?post=41137"},{"taxonomy":"post_tag","embeddable":true,"href":"https:\/\/jornaldeitaipava.com.br\/index.php\/wp-json\/wp\/v2\/tags?post=41137"}],"curies":[{"name":"wp","href":"https:\/\/api.w.org\/{rel}","templated":true}]}}