{"id":41139,"date":"2024-08-08T12:10:37","date_gmt":"2024-08-08T15:10:37","guid":{"rendered":"http:\/\/jornaldeitaipava.com.br\/?p=41139"},"modified":"2024-08-08T12:10:39","modified_gmt":"2024-08-08T15:10:39","slug":"camara-do-rio-concedera-a-rebeca-andrade-titulo-do-merito-esportivo","status":"publish","type":"post","link":"https:\/\/jornaldeitaipava.com.br\/index.php\/2024\/08\/08\/camara-do-rio-concedera-a-rebeca-andrade-titulo-do-merito-esportivo\/","title":{"rendered":"C\u00e2mara do Rio conceder\u00e1 a Rebeca Andrade t\u00edtulo do m\u00e9rito esportivo"},"content":{"rendered":"\n<p class=\"has-text-align-center\"><strong>Ginasta \u00e9 a atleta brasileira com o maior n\u00famero de medalhas ol\u00edmpicas<\/strong><\/p>\n\n\n\n<p>A exemplo da Assembleia Legislativa, a C\u00e2mara Municipal do Rio tamb\u00e9m conceder\u00e1 \u00e0 ginasta Rebeca Andrade, o t\u00edtulo de m\u00e9rito esportivo H\u00e9lio Gracie, concedido a atletas que se destacam em atividades esportivas. H\u00e9lio Gracie foi respons\u00e1vel pela introdu\u00e7\u00e3o do jiu-jitsu no Brasil.<\/p>\n\n\n\n<p>Rebeca, de 25 anos, \u00e9 a maior recordista individual com seis medalhas ol\u00edmpicas pelo Brasil, sendo duas de ouro, na gin\u00e1stica art\u00edstica. Este ano, na Olimp\u00edada de Paris, ela conseguiu a sua segunda medalha de ouro no solo.<\/p>\n\n\n\n<p>A ginasta tamb\u00e9m foi campe\u00e3 na disputa de salto nos Jogos Ol\u00edmpicos de T\u00f3quio e conseguiu ainda a prata no individual geral. Rebeca ainda ganhou, em Paris, duas medalhas de prata, no salto e no individual geral, bem como um bronze por equipes.<br>Reverenciada pelas principais rivais no p\u00f3dio da modalidade solo, a ginasta, natural de Guarulhos, em S\u00e3o Paulo, \u00e9 atleta do Flamengo. Ela \u00e9 considerada refer\u00eancia para jovens esportistas na atualidade.<br>&#8220;Rebeca nos encheu de orgulho. Ela representa o Brasil de forma integral. Uma jovem menina que conquistou o mundo com dedica\u00e7\u00e3o e perseveran\u00e7a. Ela \u00e9 a prova de que o esporte tem poder de transforma\u00e7\u00e3o. Que nossos jovens se inspirem em Rebeca e acreditem no seu potencial&#8221;, disse Carlo Caiado, presidente da C\u00e2mara de Vereadores do Rio de Janeiro.<\/p>\n\n\n\n<p>Da Ag\u00eancia Brasil<\/p>\n","protected":false},"excerpt":{"rendered":"<p>Ginasta \u00e9 a atleta brasileira com o maior n\u00famero de medalhas ol\u00edmpicas A exemplo da<\/p>\n","protected":false},"author":1,"featured_media":41140,"comment_status":"closed","ping_status":"open","sticky":false,"template":"","format":"standard","meta":{"spay_email":"","footnotes":"","jetpack_publicize_message":""},"categories":[9],"tags":[],"jetpack_featured_media_url":"https:\/\/i0.wp.com\/jornaldeitaipava.com.br\/wp-content\/uploads\/2024\/08\/paris.jpg?fit=421%2C332&ssl=1","jetpack_publicize_connections":[],"jetpack_sharing_enabled":true,"jetpack_likes_enabled":true,"jetpack-related-posts":[],"_links":{"self":[{"href":"https:\/\/jornaldeitaipava.com.br\/index.php\/wp-json\/wp\/v2\/posts\/41139"}],"collection":[{"href":"https:\/\/jornaldeitaipava.com.br\/index.php\/wp-json\/wp\/v2\/posts"}],"about":[{"href":"https:\/\/jornaldeitaipava.com.br\/index.php\/wp-json\/wp\/v2\/types\/post"}],"author":[{"embeddable":true,"href":"https:\/\/jornaldeitaipava.com.br\/index.php\/wp-json\/wp\/v2\/users\/1"}],"replies":[{"embeddable":true,"href":"https:\/\/jornaldeitaipava.com.br\/index.php\/wp-json\/wp\/v2\/comments?post=41139"}],"version-history":[{"count":1,"href":"https:\/\/jornaldeitaipava.com.br\/index.php\/wp-json\/wp\/v2\/posts\/41139\/revisions"}],"predecessor-version":[{"id":41141,"href":"https:\/\/jornaldeitaipava.com.br\/index.php\/wp-json\/wp\/v2\/posts\/41139\/revisions\/41141"}],"wp:featuredmedia":[{"embeddable":true,"href":"https:\/\/jornaldeitaipava.com.br\/index.php\/wp-json\/wp\/v2\/media\/41140"}],"wp:attachment":[{"href":"https:\/\/jornaldeitaipava.com.br\/index.php\/wp-json\/wp\/v2\/media?parent=41139"}],"wp:term":[{"taxonomy":"category","embeddable":true,"href":"https:\/\/jornaldeitaipava.com.br\/index.php\/wp-json\/wp\/v2\/categories?post=41139"},{"taxonomy":"post_tag","embeddable":true,"href":"https:\/\/jornaldeitaipava.com.br\/index.php\/wp-json\/wp\/v2\/tags?post=41139"}],"curies":[{"name":"wp","href":"https:\/\/api.w.org\/{rel}","templated":true}]}}