{"id":41208,"date":"2024-08-14T15:38:41","date_gmt":"2024-08-14T18:38:41","guid":{"rendered":"http:\/\/jornaldeitaipava.com.br\/?p=41208"},"modified":"2024-08-14T15:38:43","modified_gmt":"2024-08-14T18:38:43","slug":"rio-faz-nova-convocacao-para-populacao-se-vacinar-contra-covid-19","status":"publish","type":"post","link":"https:\/\/jornaldeitaipava.com.br\/index.php\/2024\/08\/14\/rio-faz-nova-convocacao-para-populacao-se-vacinar-contra-covid-19\/","title":{"rendered":"Rio faz nova convoca\u00e7\u00e3o para popula\u00e7\u00e3o se vacinar contra covid-19"},"content":{"rendered":"\n<p>A Secretaria Municipal de Sa\u00fade do Rio de Janeiro decidiu fazer mais uma campanha para ampliar a vacina\u00e7\u00e3o da popula\u00e7\u00e3o contra a variante XBB da covid-19. Desta quinta-feira (15) at\u00e9 o dia 25 de agosto, os postos de sa\u00fade da capital fluminense dever\u00e3o imunizar todas as pessoas que tenham 5 anos ou mais, mesmo que n\u00e3o integrem nenhum grupo priorit\u00e1rio.<br>A nova vacina, segundo a Secretaria de Sa\u00fade, previne contra novas cepas e reduz as chances de interna\u00e7\u00e3o e mortalidade pela doen\u00e7a. O requisito para receber o imunizante \u00e9 ter tomado a dose anterior da vacina contra covid-19 h\u00e1 pelo menos um ano.<br>Fora do per\u00edodo de campanha de vacina\u00e7\u00e3o, a prefeitura est\u00e1 imunizando apenas crian\u00e7as com seis meses a quatro anos de idade e pessoas com cinco anos ou mais que perten\u00e7am a algum grupo priorit\u00e1rio.<br>A vacina est\u00e1 dispon\u00edvel em 238 cl\u00ednicas da fam\u00edlia e centros municipais de sa\u00fade espalhados pela cidade, al\u00e9m do Super Centros Cariocas de Vacina\u00e7\u00e3o, em Botafogo e em Campo Grande.<\/p>\n\n\n\n<p>Da Ag\u00eancia Brasil<\/p>\n","protected":false},"excerpt":{"rendered":"<p>A Secretaria Municipal de Sa\u00fade do Rio de Janeiro decidiu fazer mais uma campanha para<\/p>\n","protected":false},"author":1,"featured_media":32768,"comment_status":"closed","ping_status":"open","sticky":false,"template":"","format":"standard","meta":{"spay_email":"","footnotes":"","jetpack_publicize_message":""},"categories":[5],"tags":[],"jetpack_featured_media_url":"https:\/\/i1.wp.com\/jornaldeitaipava.com.br\/wp-content\/uploads\/2022\/12\/VACINACAO.png?fit=1012%2C500&ssl=1","jetpack_publicize_connections":[],"jetpack_sharing_enabled":true,"jetpack_likes_enabled":true,"jetpack-related-posts":[],"_links":{"self":[{"href":"https:\/\/jornaldeitaipava.com.br\/index.php\/wp-json\/wp\/v2\/posts\/41208"}],"collection":[{"href":"https:\/\/jornaldeitaipava.com.br\/index.php\/wp-json\/wp\/v2\/posts"}],"about":[{"href":"https:\/\/jornaldeitaipava.com.br\/index.php\/wp-json\/wp\/v2\/types\/post"}],"author":[{"embeddable":true,"href":"https:\/\/jornaldeitaipava.com.br\/index.php\/wp-json\/wp\/v2\/users\/1"}],"replies":[{"embeddable":true,"href":"https:\/\/jornaldeitaipava.com.br\/index.php\/wp-json\/wp\/v2\/comments?post=41208"}],"version-history":[{"count":1,"href":"https:\/\/jornaldeitaipava.com.br\/index.php\/wp-json\/wp\/v2\/posts\/41208\/revisions"}],"predecessor-version":[{"id":41209,"href":"https:\/\/jornaldeitaipava.com.br\/index.php\/wp-json\/wp\/v2\/posts\/41208\/revisions\/41209"}],"wp:featuredmedia":[{"embeddable":true,"href":"https:\/\/jornaldeitaipava.com.br\/index.php\/wp-json\/wp\/v2\/media\/32768"}],"wp:attachment":[{"href":"https:\/\/jornaldeitaipava.com.br\/index.php\/wp-json\/wp\/v2\/media?parent=41208"}],"wp:term":[{"taxonomy":"category","embeddable":true,"href":"https:\/\/jornaldeitaipava.com.br\/index.php\/wp-json\/wp\/v2\/categories?post=41208"},{"taxonomy":"post_tag","embeddable":true,"href":"https:\/\/jornaldeitaipava.com.br\/index.php\/wp-json\/wp\/v2\/tags?post=41208"}],"curies":[{"name":"wp","href":"https:\/\/api.w.org\/{rel}","templated":true}]}}