{"id":41212,"date":"2024-08-15T10:45:43","date_gmt":"2024-08-15T13:45:43","guid":{"rendered":"http:\/\/jornaldeitaipava.com.br\/?p=41212"},"modified":"2024-08-15T10:45:46","modified_gmt":"2024-08-15T13:45:46","slug":"paralisacao-de-trabalhadores-do-transporte-e-suspensa-apos-acordo-de-ultima-hora-com-a-petro-ita","status":"publish","type":"post","link":"https:\/\/jornaldeitaipava.com.br\/index.php\/2024\/08\/15\/paralisacao-de-trabalhadores-do-transporte-e-suspensa-apos-acordo-de-ultima-hora-com-a-petro-ita\/","title":{"rendered":"Paralisa\u00e7\u00e3o de trabalhadores do transporte \u00e9 suspensa ap\u00f3s acordo de \u00faltima hora com a Petro Ita"},"content":{"rendered":"\n<p class=\"has-text-align-center\"><strong>Reuni\u00e3o extraordin\u00e1ria, realizada durante a madrugada, garantiu o pagamento dos atrasos e evitou a paralisa\u00e7\u00e3o planejada para hoje<\/strong><\/p>\n\n\n\n<p><br>Ap\u00f3s o envio de um of\u00edcio e nota para a imprensa na tarde de ontem, 14 de agosto, o Sindicato dos Trabalhadores em Transportes Rodovi\u00e1rios de Petr\u00f3polis mobilizou sua equipe para uma paralisa\u00e7\u00e3o que teria in\u00edcio na madrugada de hoje. No entanto, durante a noite, enquanto membros do sindicato, diretoria e trabalhadores se reuniam, representantes da empresa Petro Ita solicitaram uma reuni\u00e3o extraordin\u00e1ria. A reuni\u00e3o, que ocorreu durante a madrugada, contou com a presen\u00e7a de membros do sindicato, trabalhadores da empresa e o presidente da CPTrans &#8211; Companhia Petropolitana de Tr\u00e2nsito e Transportes, Diogo Cezar Esteves de Ara\u00fajo.<\/p>\n\n\n\n<p>O encontro teve como objetivo entrar em acordo sobre o pagamento dos sal\u00e1rios atrasados. Ao fim das negocia\u00e7\u00f5es, ficou combinado que todos os pagamentos seriam realizados hoje, 15 de agosto, o que levou \u00e0 suspens\u00e3o da paralisa\u00e7\u00e3o.<\/p>\n\n\n\n<p>O Sindicato dos Trabalhadores em Transportes Rodovi\u00e1rios de Petr\u00f3polis ressaltou que, por conta da negocia\u00e7\u00e3o, a paralisa\u00e7\u00e3o n\u00e3o foi realizada. No entanto, a entidade informou que seguir\u00e1 vigilante para garantir que os pagamentos sejam efetuados conforme o combinado. Caso os compromissos n\u00e3o sejam cumpridos, novas medidas ser\u00e3o tomadas.<\/p>\n","protected":false},"excerpt":{"rendered":"<p>Reuni\u00e3o extraordin\u00e1ria, realizada durante a madrugada, garantiu o pagamento dos atrasos e evitou a paralisa\u00e7\u00e3o<\/p>\n","protected":false},"author":1,"featured_media":25386,"comment_status":"closed","ping_status":"open","sticky":false,"template":"","format":"standard","meta":{"spay_email":"","footnotes":"","jetpack_publicize_message":""},"categories":[24],"tags":[],"jetpack_featured_media_url":"https:\/\/i0.wp.com\/jornaldeitaipava.com.br\/wp-content\/uploads\/2022\/03\/onibus.png?fit=1280%2C771&ssl=1","jetpack_publicize_connections":[],"jetpack_sharing_enabled":true,"jetpack_likes_enabled":true,"jetpack-related-posts":[],"_links":{"self":[{"href":"https:\/\/jornaldeitaipava.com.br\/index.php\/wp-json\/wp\/v2\/posts\/41212"}],"collection":[{"href":"https:\/\/jornaldeitaipava.com.br\/index.php\/wp-json\/wp\/v2\/posts"}],"about":[{"href":"https:\/\/jornaldeitaipava.com.br\/index.php\/wp-json\/wp\/v2\/types\/post"}],"author":[{"embeddable":true,"href":"https:\/\/jornaldeitaipava.com.br\/index.php\/wp-json\/wp\/v2\/users\/1"}],"replies":[{"embeddable":true,"href":"https:\/\/jornaldeitaipava.com.br\/index.php\/wp-json\/wp\/v2\/comments?post=41212"}],"version-history":[{"count":1,"href":"https:\/\/jornaldeitaipava.com.br\/index.php\/wp-json\/wp\/v2\/posts\/41212\/revisions"}],"predecessor-version":[{"id":41213,"href":"https:\/\/jornaldeitaipava.com.br\/index.php\/wp-json\/wp\/v2\/posts\/41212\/revisions\/41213"}],"wp:featuredmedia":[{"embeddable":true,"href":"https:\/\/jornaldeitaipava.com.br\/index.php\/wp-json\/wp\/v2\/media\/25386"}],"wp:attachment":[{"href":"https:\/\/jornaldeitaipava.com.br\/index.php\/wp-json\/wp\/v2\/media?parent=41212"}],"wp:term":[{"taxonomy":"category","embeddable":true,"href":"https:\/\/jornaldeitaipava.com.br\/index.php\/wp-json\/wp\/v2\/categories?post=41212"},{"taxonomy":"post_tag","embeddable":true,"href":"https:\/\/jornaldeitaipava.com.br\/index.php\/wp-json\/wp\/v2\/tags?post=41212"}],"curies":[{"name":"wp","href":"https:\/\/api.w.org\/{rel}","templated":true}]}}