{"id":41214,"date":"2024-08-15T10:48:04","date_gmt":"2024-08-15T13:48:04","guid":{"rendered":"http:\/\/jornaldeitaipava.com.br\/?p=41214"},"modified":"2024-08-15T10:48:05","modified_gmt":"2024-08-15T13:48:05","slug":"espetaculo-circense-fanfarra-komboio-circula-pelo-interior-do-rj-em-uma-kombi","status":"publish","type":"post","link":"https:\/\/jornaldeitaipava.com.br\/index.php\/2024\/08\/15\/espetaculo-circense-fanfarra-komboio-circula-pelo-interior-do-rj-em-uma-kombi\/","title":{"rendered":"Espet\u00e1culo circense \u201cFanfarra Komboio\u201d circula pelo interior do RJ em uma kombi"},"content":{"rendered":"\n<p>Projeto de palha\u00e7aria \u201cCaminho do Riso\u201d passa por Para\u00edba do Sul, Mag\u00e9 e Petr\u00f3polis em agosto<br>\u00a0Imagine uma apresenta\u00e7\u00e3o\u00a0de circo-teatro em uma kombi para toda a fam\u00edlia. Essa \u00e9 a proposta do projeto \u201cCaminho do Riso\u201d, que vai realizar circula\u00e7\u00e3o do espet\u00e1culo \u201cFanfarra Komboio\u201d pelas cidades de Para\u00edba do Sul, Mag\u00e9 e Petr\u00f3polis, nos dias 17, 18 e 24 de agosto, respectivamente. Todas as apresenta\u00e7\u00f5es s\u00e3o gratuitas, realizadas \u00e0s 10h30 e de classifica\u00e7\u00e3o livre.\u00a0<br>\u201cFanfarra Komboio\u201d \u00e9 um espet\u00e1culo itinerante, que mistura m\u00fasica, n\u00fameros circenses, dan\u00e7as e poesias, em um clima de descontra\u00e7\u00e3o e brincadeiras. O elenco dos grupos Palhast\u00f4nicos e Teatro Circense Andan\u00e7a percorre o trajeto de forma l\u00fadica, relembrando e reverenciando os tradicionais cortejos circenses.\u00a0Nas paradas estrat\u00e9gicas da atra\u00e7\u00e3o, apresenta habilidades de perna de pau, malabares, acrobacias e monociclo.\u00a0<br>O repert\u00f3rio \u00e9 composto por m\u00fasicas autorais e de dom\u00ednio p\u00fablico oriundas das manifesta\u00e7\u00f5es populares brasileiras, com uma aten\u00e7\u00e3o especial voltada para os ritmos de tradi\u00e7\u00f5es como bai\u00e3o, xote, coco, ciranda, cacuri\u00e1, jongo, ijex\u00e1, dentre outros. Entre os instrumentos que incrementam a cantoria est\u00e3o violino,\u00a0viol\u00e3o, \u00a0ukulele, sanfona,\u00a0flauta, pandeiro, chocalho, zabumba, tri\u00e2ngulo, caixa do divino e \u00a0alfaia.\u00a0\u00a0<br>\u00a0A kombi, ve\u00edculo utilizado como cen\u00e1rio, palco e transporte \u00a0durante o cortejo,\u00a0conta com autonomia de energia que alimenta o equipamento de som, amplificando as vozes dos artistas e instrumentos musicais. O p\u00fablico pode acompanhar o \u201cKomboio\u201d ou assistir o cortejo passando de onde estiver.\u00a0<br>\u00a0<br><strong>Sobre o Projeto\u00a0<br><\/strong>Esta \u00e9 a segunda edi\u00e7\u00e3o do projeto &#8220;Caminho do Riso&#8221;, contemplado pelo edital Retomada Cultural RJ2, da Secretaria de Estado de Cultura e Economia Criativa do Rio de Janeiro, que tem como proposta espet\u00e1culos gratuitos realizados em espa\u00e7os abertos (ao ar livre), em v\u00e1rias cidades do estado, com linguagem de f\u00e1cil compreens\u00e3o popular por meio\u00a0da palha\u00e7aria, teatro de rua, m\u00fasica e dan\u00e7a. \u00a0<br><em>A programa\u00e7\u00e3o conta tamb\u00e9m com apresenta\u00e7\u00e3o do Coral dos Anjos e oficina de\u00a0 acessibilidade em projetos culturais, ministrada por Danilo Henriques, a ser realizada no dia 28, \u00e0s 18h30, no Centro de Cultura Raul de Leoni, em Petr\u00f3polis.\u00a0 Danilo Henriques \u00e9 diretor e maestro do projeto social inclusivo Coral dos Anjos h\u00e1 12 anos. Al\u00e9m disso, \u00e9 ator e professor de canto e instrumentos, como viol\u00e3o e violino, ministrando aulas em institui\u00e7\u00f5es p\u00fablicas, privadas e eventos h\u00e1 quase uma d\u00e9cada, em Petr\u00f3polis e regi\u00e3o.<\/em>\u00a0<br>\u00a0<br><strong>SERVI\u00c7O:\u00a0<br><\/strong>Circula\u00e7\u00e3o espet\u00e1culo &#8220;Fanfarra Komboio&#8221;\u00a0<br>Data: 17\/08\u00a0\u00a0<br>Hor\u00e1rio: 10h30\u00a0<br>Local: Pra\u00e7a Tiradentes \u2013 Inconfid\u00eancia (Sebollas)<br>Cidade de Para\u00edba do Sul\/RJ.\u00a0<br>\u00a0<br>Data: 18\/08\u00a0<br>Hor\u00e1rio: 10h30\u00a0<br>Local: Pra\u00e7a de Andorinhas\u00a0 &#8211; Santo Aleixo<br>Cidade de Mag\u00e9\/RJ.\u00a0<br>\u00a0<br>Data: 24\/08\u00a0<br>Hor\u00e1rio: 10h30\u00a0<br>Local: Vale do Carangola\u00a0<br>Cidade Petr\u00f3polis\/RJ.\u00a0<br>\u00a0<br>Dura\u00e7\u00e3o: 50 minutos\u00a0<br>Classifica\u00e7\u00e3o livre\u00a0<br>Gr\u00e1tis\u00a0<br>\u00a0<br><strong>Apresenta\u00e7\u00e3o do Coral dos Anjos e oficina de forma\u00e7\u00e3o e sensibiliza\u00e7\u00e3o em acessibilidade em projetos culturais com Danilo Henriques\u00a0<br><\/strong>Data: 28\/08\u00a0<br>Hor\u00e1rio: 18:30\u00a0<br>Local: Centro de Cultura Raul de Leoni &#8211; Sala de Cinema.\u00a0\u00a0<br>Cidade: Petr\u00f3polis\/RJ\u00a0<br>Dura\u00e7\u00e3o: 2 horas\u00a0<br>Gr\u00e1tis<\/p>\n","protected":false},"excerpt":{"rendered":"<p>Projeto de palha\u00e7aria \u201cCaminho do Riso\u201d passa por Para\u00edba do Sul, Mag\u00e9 e Petr\u00f3polis em<\/p>\n","protected":false},"author":1,"featured_media":41215,"comment_status":"closed","ping_status":"open","sticky":false,"template":"","format":"standard","meta":{"spay_email":"","footnotes":"","jetpack_publicize_message":""},"categories":[1],"tags":[],"jetpack_featured_media_url":"https:\/\/i0.wp.com\/jornaldeitaipava.com.br\/wp-content\/uploads\/2024\/08\/WhatsApp-Image-2024-08-14-at-18.37.39-scaled.jpeg?fit=2560%2C1920&ssl=1","jetpack_publicize_connections":[],"jetpack_sharing_enabled":true,"jetpack_likes_enabled":true,"jetpack-related-posts":[],"_links":{"self":[{"href":"https:\/\/jornaldeitaipava.com.br\/index.php\/wp-json\/wp\/v2\/posts\/41214"}],"collection":[{"href":"https:\/\/jornaldeitaipava.com.br\/index.php\/wp-json\/wp\/v2\/posts"}],"about":[{"href":"https:\/\/jornaldeitaipava.com.br\/index.php\/wp-json\/wp\/v2\/types\/post"}],"author":[{"embeddable":true,"href":"https:\/\/jornaldeitaipava.com.br\/index.php\/wp-json\/wp\/v2\/users\/1"}],"replies":[{"embeddable":true,"href":"https:\/\/jornaldeitaipava.com.br\/index.php\/wp-json\/wp\/v2\/comments?post=41214"}],"version-history":[{"count":1,"href":"https:\/\/jornaldeitaipava.com.br\/index.php\/wp-json\/wp\/v2\/posts\/41214\/revisions"}],"predecessor-version":[{"id":41216,"href":"https:\/\/jornaldeitaipava.com.br\/index.php\/wp-json\/wp\/v2\/posts\/41214\/revisions\/41216"}],"wp:featuredmedia":[{"embeddable":true,"href":"https:\/\/jornaldeitaipava.com.br\/index.php\/wp-json\/wp\/v2\/media\/41215"}],"wp:attachment":[{"href":"https:\/\/jornaldeitaipava.com.br\/index.php\/wp-json\/wp\/v2\/media?parent=41214"}],"wp:term":[{"taxonomy":"category","embeddable":true,"href":"https:\/\/jornaldeitaipava.com.br\/index.php\/wp-json\/wp\/v2\/categories?post=41214"},{"taxonomy":"post_tag","embeddable":true,"href":"https:\/\/jornaldeitaipava.com.br\/index.php\/wp-json\/wp\/v2\/tags?post=41214"}],"curies":[{"name":"wp","href":"https:\/\/api.w.org\/{rel}","templated":true}]}}