{"id":41217,"date":"2024-08-15T10:49:33","date_gmt":"2024-08-15T13:49:33","guid":{"rendered":"http:\/\/jornaldeitaipava.com.br\/?p=41217"},"modified":"2024-08-15T10:49:35","modified_gmt":"2024-08-15T13:49:35","slug":"programacao-infantil-gratuita-e-palco-hiper-animam-o-final-de-semana-na-serra","status":"publish","type":"post","link":"https:\/\/jornaldeitaipava.com.br\/index.php\/2024\/08\/15\/programacao-infantil-gratuita-e-palco-hiper-animam-o-final-de-semana-na-serra\/","title":{"rendered":"Programa\u00e7\u00e3o infantil gratuita e Palco Hiper animam o final de semana na serra"},"content":{"rendered":"\n<p class=\"has-text-align-center\"><strong>Os eventos contam com show de Bernardo Barnes e Percy, recrea\u00e7\u00e3o com \u201cGabby da Casa M\u00e1gica\u201d, conta\u00e7\u00e3o de hist\u00f3ria e teatro \u201cToy Story\u201d.<\/strong><\/p>\n\n\n\n<p>A programa\u00e7\u00e3o do final de semana come\u00e7a com show de Bernardo Barnes e Percy, cantando sucessos na linha do soft rock, na sexta-feira (16), \u00e0s 19h, no Palco Hiper da Pra\u00e7a de Alimenta\u00e7\u00e3o.<\/p>\n\n\n\n<p>No s\u00e1bado, dia 17, os eventos v\u00e3o das 10h da manh\u00e3 \u00e0s 10h da noite, com atividades divertidas para as crian\u00e7as. \u00c0s 10h, os pequenos podem participar da recrea\u00e7\u00e3o infantil e da oficina com a personagem Gabby de \u201cA Cada M\u00e1gica da Gabby\u201d at\u00e9 \u00e0s 13h. Mais tarde, \u00e0s 15h, tem conta\u00e7\u00e3o da hist\u00f3ria \u201cPequenos e Grandes Her\u00f3is&#8221; e logo depois teatro infantil com a pe\u00e7a Toy Story.<\/p>\n\n\n\n<p>No final da tarde, \u00e0s 17h, o cantor Dan Pellegrini traz m\u00fasica ao vivo para o mall do primeiro piso e a partir das 19h, a cantora Ashley Mello se apresenta com repert\u00f3rio sertanejo no Palco Hiper da Pra\u00e7a de Alimenta\u00e7\u00e3o.<\/p>\n\n\n\n<p>Toda segunda, \u00e0s 20h, acontece aula de dan\u00e7a e passinhos retr\u00f4, na Pra\u00e7a de Alimenta\u00e7\u00e3o.Todas as ter\u00e7as e quintas, a partir das 11h, acontecem atividades f\u00edsicas destinadas ao bem estar da melhor idade. No \u00faltimo domingo do m\u00eas, sempre \u00e0s 15h, acontece o Baile da Gera\u00e7\u00e3o Prateada.<\/p>\n\n\n\n<p>O estacionamento do Hipershopping \u00e9 coberto, tem vaga para cerca de mil autom\u00f3veis e custa R$6,00 por duas horas.<\/p>\n","protected":false},"excerpt":{"rendered":"<p>Os eventos contam com show de Bernardo Barnes e Percy, recrea\u00e7\u00e3o com \u201cGabby da Casa<\/p>\n","protected":false},"author":1,"featured_media":37727,"comment_status":"closed","ping_status":"open","sticky":false,"template":"","format":"standard","meta":{"spay_email":"","footnotes":"","jetpack_publicize_message":""},"categories":[42],"tags":[],"jetpack_featured_media_url":"https:\/\/i1.wp.com\/jornaldeitaipava.com.br\/wp-content\/uploads\/2023\/12\/hipershopping.jpeg?fit=1600%2C1200&ssl=1","jetpack_publicize_connections":[],"jetpack_sharing_enabled":true,"jetpack_likes_enabled":true,"jetpack-related-posts":[],"_links":{"self":[{"href":"https:\/\/jornaldeitaipava.com.br\/index.php\/wp-json\/wp\/v2\/posts\/41217"}],"collection":[{"href":"https:\/\/jornaldeitaipava.com.br\/index.php\/wp-json\/wp\/v2\/posts"}],"about":[{"href":"https:\/\/jornaldeitaipava.com.br\/index.php\/wp-json\/wp\/v2\/types\/post"}],"author":[{"embeddable":true,"href":"https:\/\/jornaldeitaipava.com.br\/index.php\/wp-json\/wp\/v2\/users\/1"}],"replies":[{"embeddable":true,"href":"https:\/\/jornaldeitaipava.com.br\/index.php\/wp-json\/wp\/v2\/comments?post=41217"}],"version-history":[{"count":1,"href":"https:\/\/jornaldeitaipava.com.br\/index.php\/wp-json\/wp\/v2\/posts\/41217\/revisions"}],"predecessor-version":[{"id":41218,"href":"https:\/\/jornaldeitaipava.com.br\/index.php\/wp-json\/wp\/v2\/posts\/41217\/revisions\/41218"}],"wp:featuredmedia":[{"embeddable":true,"href":"https:\/\/jornaldeitaipava.com.br\/index.php\/wp-json\/wp\/v2\/media\/37727"}],"wp:attachment":[{"href":"https:\/\/jornaldeitaipava.com.br\/index.php\/wp-json\/wp\/v2\/media?parent=41217"}],"wp:term":[{"taxonomy":"category","embeddable":true,"href":"https:\/\/jornaldeitaipava.com.br\/index.php\/wp-json\/wp\/v2\/categories?post=41217"},{"taxonomy":"post_tag","embeddable":true,"href":"https:\/\/jornaldeitaipava.com.br\/index.php\/wp-json\/wp\/v2\/tags?post=41217"}],"curies":[{"name":"wp","href":"https:\/\/api.w.org\/{rel}","templated":true}]}}