{"id":41219,"date":"2024-08-15T11:03:40","date_gmt":"2024-08-15T14:03:40","guid":{"rendered":"http:\/\/jornaldeitaipava.com.br\/?p=41219"},"modified":"2024-08-15T11:03:42","modified_gmt":"2024-08-15T14:03:42","slug":"saude-se-mobiliza-apos-709-casos-e-16-obitos-por-mpox-no-brasil-em-2024","status":"publish","type":"post","link":"https:\/\/jornaldeitaipava.com.br\/index.php\/2024\/08\/15\/saude-se-mobiliza-apos-709-casos-e-16-obitos-por-mpox-no-brasil-em-2024\/","title":{"rendered":"Sa\u00fade se mobiliza ap\u00f3s 709 casos e 16 \u00f3bitos por mpox no Brasil em 2024"},"content":{"rendered":"\n<p class=\"has-text-align-center\"><strong>A Dra. Carolina Brites, infectologista pedi\u00e1trica, destaca a import\u00e2ncia de novas estrat\u00e9gias de preven\u00e7\u00e3o da doen\u00e7a<\/strong><\/p>\n\n\n\n<p>O Brasil enfrenta um cen\u00e1rio preocupante com o aumento de casos de mpox, uma doen\u00e7a zoon\u00f3tica viral que tem se espalhado pelo pa\u00eds. Com 709 casos notificados e 16 mortes em 2024, o Minist\u00e9rio da Sa\u00fade convocou uma reuni\u00e3o de emerg\u00eancia para atualizar as recomenda\u00e7\u00f5es e o plano de conting\u00eancia nacional. A medida ocorre em meio \u00e0 circula\u00e7\u00e3o de uma nova variante do v\u00edrus no continente africano, o que elevou a necessidade de intensificar a vigil\u00e2ncia e as a\u00e7\u00f5es preventivas.<\/p>\n\n\n\n<p>O Minist\u00e9rio da Sa\u00fade destacou que, apesar do crescimento no n\u00famero de casos, a avalia\u00e7\u00e3o atual indica um risco baixo para o pa\u00eds. No entanto, a situa\u00e7\u00e3o \u00e9 monitorada de perto em colabora\u00e7\u00e3o com a Organiza\u00e7\u00e3o Mundial da Sa\u00fade (OMS) e outras institui\u00e7\u00f5es internacionais, como o Centro de Controle e Preven\u00e7\u00e3o de Doen\u00e7as dos Estados Unidos (CDC). Al\u00e9m disso, a pasta ressaltou a import\u00e2ncia de estar preparado para poss\u00edveis ajustes no planejamento caso novas evid\u00eancias justifiquem mudan\u00e7as nas estrat\u00e9gias adotadas at\u00e9 o momento.<\/p>\n\n\n\n<p>Diante desse cen\u00e1rio, a Dra. Carolina Brites, infectologista pedi\u00e1trica, faz um alerta sobre a gravidade da situa\u00e7\u00e3o e a necessidade de repensar as estrat\u00e9gias de preven\u00e7\u00e3o. &#8220;Desde junho de 2022, quando o v\u00edrus foi descoberto no Brasil, temos observado um aumento significativo dos casos. A mpox \u00e9 uma zoonose, ou seja, uma doen\u00e7a de origem animal transmitida para humanos, causada por um v\u00edrus que provoca les\u00f5es muito semelhantes \u00e0s da varicela, conhecida como catapora. Essas les\u00f5es podem surgir em todo o corpo, formando p\u00e1pulas, ves\u00edculas, crostas e p\u00fastulas.&#8221;<\/p>\n\n\n\n<p>A especialista ressalta que o crescimento dos casos nos \u00faltimos meses requer uma reavalia\u00e7\u00e3o das medidas de preven\u00e7\u00e3o e sa\u00fade p\u00fablica. &#8220;Foram notificados cerca de 700 casos recentemente, o que nos obriga a considerar novas estrat\u00e9gias de preven\u00e7\u00e3o. A OMS tem refor\u00e7ado a necessidade de amplia\u00e7\u00e3o da vacina\u00e7\u00e3o, que come\u00e7ou a ser aplicada em 2023, mas ainda de forma limitada a grupos espec\u00edficos, como pessoas imunossuprimidas.&#8221;<\/p>\n\n\n\n<p>Sobre as vacinas, Dra. Carolina esclarece que a quantidade dispon\u00edvel no Brasil ainda n\u00e3o \u00e9 suficiente para atender \u00e0 demanda crescente. &#8220;A preven\u00e7\u00e3o mais eficaz, al\u00e9m da vacina, \u00e9 evitar o contato com pessoas que apresentem sintomas caracter\u00edsticos da mpox, como les\u00f5es na pele. A transmiss\u00e3o do v\u00edrus ocorre principalmente pelo contato direto com essas les\u00f5es, por isso, a aten\u00e7\u00e3o e o cuidado com a higiene s\u00e3o fundamentais.&#8221;<\/p>\n\n\n\n<p>A infectologista tamb\u00e9m destaca a import\u00e2ncia da conscientiza\u00e7\u00e3o e da prontid\u00e3o dos profissionais de sa\u00fade em identificar novos casos. &#8220;N\u00f3s, profissionais da sa\u00fade, precisamos estar atentos ao surgimento de novos casos e \u00e0 import\u00e2ncia de notific\u00e1-los rapidamente. Isso \u00e9 crucial para limitar a dissemina\u00e7\u00e3o do v\u00edrus e garantir uma resposta eficaz \u00e0s novas infec\u00e7\u00f5es.&#8221;<\/p>\n\n\n\n<p>Com a reuni\u00e3o marcada para esta semana, a expectativa \u00e9 que novas diretrizes sejam estabelecidas para enfrentar o aumento dos casos de mpox no Brasil. &#8220;Acreditamos que, com o avan\u00e7o das discuss\u00f5es e a poss\u00edvel amplia\u00e7\u00e3o da vacina\u00e7\u00e3o, ser\u00e1 poss\u00edvel conter a propaga\u00e7\u00e3o da doen\u00e7a e proteger a popula\u00e7\u00e3o, especialmente os grupos mais vulner\u00e1veis&#8221;, conclui Dra. Carolina Brites.<\/p>\n\n\n\n<p>O Minist\u00e9rio da Sa\u00fade refor\u00e7a que, caso surjam novas evid\u00eancias cient\u00edficas que justifiquem mudan\u00e7as no plano de conting\u00eancia, as medidas necess\u00e1rias ser\u00e3o adotadas de imediato. A participa\u00e7\u00e3o de especialistas como a Dra. Carolina Brites \u00e9 essencial para garantir que as decis\u00f5es sejam baseadas em dados atualizados e que a resposta \u00e0 mpox no Brasil seja a mais eficaz poss\u00edvel.<\/p>\n","protected":false},"excerpt":{"rendered":"<p>A Dra. Carolina Brites, infectologista pedi\u00e1trica, destaca a import\u00e2ncia de novas estrat\u00e9gias de preven\u00e7\u00e3o da<\/p>\n","protected":false},"author":1,"featured_media":41220,"comment_status":"closed","ping_status":"open","sticky":false,"template":"","format":"standard","meta":{"spay_email":"","footnotes":"","jetpack_publicize_message":""},"categories":[2],"tags":[],"jetpack_featured_media_url":"https:\/\/i0.wp.com\/jornaldeitaipava.com.br\/wp-content\/uploads\/2024\/08\/O-que-e-mpox-e-como-ela-e-transmitida0128258700202408131911-ScaleDownProportional.png?fit=767%2C509&ssl=1","jetpack_publicize_connections":[],"jetpack_sharing_enabled":true,"jetpack_likes_enabled":true,"jetpack-related-posts":[],"_links":{"self":[{"href":"https:\/\/jornaldeitaipava.com.br\/index.php\/wp-json\/wp\/v2\/posts\/41219"}],"collection":[{"href":"https:\/\/jornaldeitaipava.com.br\/index.php\/wp-json\/wp\/v2\/posts"}],"about":[{"href":"https:\/\/jornaldeitaipava.com.br\/index.php\/wp-json\/wp\/v2\/types\/post"}],"author":[{"embeddable":true,"href":"https:\/\/jornaldeitaipava.com.br\/index.php\/wp-json\/wp\/v2\/users\/1"}],"replies":[{"embeddable":true,"href":"https:\/\/jornaldeitaipava.com.br\/index.php\/wp-json\/wp\/v2\/comments?post=41219"}],"version-history":[{"count":1,"href":"https:\/\/jornaldeitaipava.com.br\/index.php\/wp-json\/wp\/v2\/posts\/41219\/revisions"}],"predecessor-version":[{"id":41221,"href":"https:\/\/jornaldeitaipava.com.br\/index.php\/wp-json\/wp\/v2\/posts\/41219\/revisions\/41221"}],"wp:featuredmedia":[{"embeddable":true,"href":"https:\/\/jornaldeitaipava.com.br\/index.php\/wp-json\/wp\/v2\/media\/41220"}],"wp:attachment":[{"href":"https:\/\/jornaldeitaipava.com.br\/index.php\/wp-json\/wp\/v2\/media?parent=41219"}],"wp:term":[{"taxonomy":"category","embeddable":true,"href":"https:\/\/jornaldeitaipava.com.br\/index.php\/wp-json\/wp\/v2\/categories?post=41219"},{"taxonomy":"post_tag","embeddable":true,"href":"https:\/\/jornaldeitaipava.com.br\/index.php\/wp-json\/wp\/v2\/tags?post=41219"}],"curies":[{"name":"wp","href":"https:\/\/api.w.org\/{rel}","templated":true}]}}