{"id":41222,"date":"2024-08-15T11:04:39","date_gmt":"2024-08-15T14:04:39","guid":{"rendered":"http:\/\/jornaldeitaipava.com.br\/?p=41222"},"modified":"2024-08-15T11:04:40","modified_gmt":"2024-08-15T14:04:40","slug":"em-novo-encontro-em-brasilia-fecomercio-rj-e-sicomercio-petropolis-reforcam-necessidade-de-acelerar-a-nova-concessao-da-br-040","status":"publish","type":"post","link":"https:\/\/jornaldeitaipava.com.br\/index.php\/2024\/08\/15\/em-novo-encontro-em-brasilia-fecomercio-rj-e-sicomercio-petropolis-reforcam-necessidade-de-acelerar-a-nova-concessao-da-br-040\/","title":{"rendered":"Em novo encontro em Bras\u00edlia, Fecom\u00e9rcio-RJ e Sicom\u00e9rcio Petr\u00f3polis refor\u00e7am necessidade de acelerar a nova concess\u00e3o da BR-040"},"content":{"rendered":"\n<p>Mais uma vez, Fecom\u00e9rcio-RJ e Sicom\u00e9rcio Petr\u00f3polis estiveram em reuni\u00e3o no Minist\u00e9rio dos Transportes em busca de esclarecimentos sobre a modelagem da nova concess\u00e3o para a BR-040 no trecho entre Rio de Janeiro e Juiz de Fora. O encontro foi viabilizado pelo Deputado Federal Hugo Leal, que articula junto ao Ministro dos Transportes, Renan Filho, uma solu\u00e7\u00e3o para os impasses da rodovia. Necessidade de melhorias e o valor da tarifa do ped\u00e1gio tamb\u00e9m foram assuntos abordados no encontro ocorrido nesta quarta-feira (14) em Bras\u00edlia.<br>Al\u00e9m do presidente do Sicom\u00e9rcio e diretor da Fecom\u00e9rcio-RJ, Marcelo Fiorini e do deputado federal Hugo Leal, participaram da reuni\u00e3o: Delmo Pinho, assessor especial da Fecom\u00e9rcio-RJ, Viviane Esse, Secret\u00e1ria Nacional de Transporte Rodovi\u00e1rio, Fernanda Penteado &#8211; diretora de outorgas, al\u00e9m de Donmarques de Mendon\u00e7a da Assessoria Especial de Assuntos Parlamentares.<br>Na ocasi\u00e3o o deputado, Marcelo Fiorini e Delmo Pinho detalharam diversos pontos que devem ser inclu\u00eddos no modelo da nova concess\u00e3o, como a redu\u00e7\u00e3o da atual tarifa de ped\u00e1gio e um melhor detalhamento no edital das interven\u00e7\u00f5es, previstas, como a constru\u00e7\u00e3o de retornos, diamantes, a liga\u00e7\u00e3o Bingen &#8211; Quitandinha e o cronograma da constru\u00e7\u00e3o da Nova Subida da Serra, al\u00e9m das demais obras em toda a extens\u00e3o da estrada.<br>\u201cA reuni\u00e3o foi \u00f3tima, revisamos v\u00e1rios pontos que estavam e n\u00e3o estavam previstos. O deputado Hugo Leal conversou com o ministro dos Transportes, que entendeu a necessidade de se priorizar as solicita\u00e7\u00f5es e agora a equipe t\u00e9cnica do minist\u00e9rio vai analisar todo o material para finalizar o processo. Estamos esperan\u00e7osos que as demandas que passamos para eles sejam contempladas no edital\u201d, disse Marcelo Fiorini.<br>Vale salientar que, no in\u00edcio de junho, o Minist\u00e9rio dos Transportes anunciou a aprova\u00e7\u00e3o da BR-040\/495\/RJ\/MG, confirmando que o projeto seguiu para o TCU &#8211; Tribunal de Contas do Estado, com R$ 9 bilh\u00f5es previstos para novas obras e servi\u00e7os operacionais, no segmento a ser concedido entre Rio e Juiz de Fora. Ainda conforme o Minist\u00e9rio, a expectativa \u00e9 que o leil\u00e3o seja realizado ainda neste ano, ap\u00f3s aval da Corte de Contas. Os pr\u00f3ximos passos ser\u00e3o prov\u00e1veis ajustes na modelagem e Edital, o lan\u00e7amento da licita\u00e7\u00e3o e, na sequ\u00eancia, o leil\u00e3o de concess\u00e3o.<br>A previs\u00e3o \u00e9 de que a concess\u00e3o ao setor privado tenha dura\u00e7\u00e3o de 30 anos, prorrog\u00e1vel por at\u00e9 mais 30 anos. O crit\u00e9rio de julgamento da melhor proposta no leil\u00e3o ser\u00e1 o menor valor de tarifa de ped\u00e1gio, atrelado \u00e0 previs\u00e3o obrigat\u00f3ria de aporte de recursos vinculados \u00e0 concess\u00e3o.<\/p>\n\n\n\n<p><strong>Luta antiga<br><\/strong>Fecom\u00e9rcio &#8211; RJ, Sicom\u00e9rcio Petr\u00f3polis e demais entidades empresariais do Rio de Janeiro lutam, h\u00e1 anos, por melhorias na estrada e defini\u00e7\u00e3o sobre o futuro na administra\u00e7\u00e3o da estrada. Inclusive, uma carta conjunta escrita pelas entidades Fecom\u00e9rcio-RJ, Firjan e ACRJ (Associa\u00e7\u00e3o Comercial do Rio de Janeiro) foi entregue ao governo federal, durante a \u00faltima gest\u00e3o, solicitando o prosseguimento da modelagem conforme o que foi apresentado e validado nas audi\u00eancias p\u00fablicas realizadas pela ANTT.<\/p>\n","protected":false},"excerpt":{"rendered":"<p>Mais uma vez, Fecom\u00e9rcio-RJ e Sicom\u00e9rcio Petr\u00f3polis estiveram em reuni\u00e3o no Minist\u00e9rio dos Transportes em<\/p>\n","protected":false},"author":1,"featured_media":41223,"comment_status":"closed","ping_status":"open","sticky":false,"template":"","format":"standard","meta":{"spay_email":"","footnotes":"","jetpack_publicize_message":""},"categories":[24],"tags":[],"jetpack_featured_media_url":"https:\/\/i0.wp.com\/jornaldeitaipava.com.br\/wp-content\/uploads\/2024\/08\/WhatsApp-Image-2024-08-14-at-13.08.08.jpeg?fit=1280%2C960&ssl=1","jetpack_publicize_connections":[],"jetpack_sharing_enabled":true,"jetpack_likes_enabled":true,"jetpack-related-posts":[],"_links":{"self":[{"href":"https:\/\/jornaldeitaipava.com.br\/index.php\/wp-json\/wp\/v2\/posts\/41222"}],"collection":[{"href":"https:\/\/jornaldeitaipava.com.br\/index.php\/wp-json\/wp\/v2\/posts"}],"about":[{"href":"https:\/\/jornaldeitaipava.com.br\/index.php\/wp-json\/wp\/v2\/types\/post"}],"author":[{"embeddable":true,"href":"https:\/\/jornaldeitaipava.com.br\/index.php\/wp-json\/wp\/v2\/users\/1"}],"replies":[{"embeddable":true,"href":"https:\/\/jornaldeitaipava.com.br\/index.php\/wp-json\/wp\/v2\/comments?post=41222"}],"version-history":[{"count":1,"href":"https:\/\/jornaldeitaipava.com.br\/index.php\/wp-json\/wp\/v2\/posts\/41222\/revisions"}],"predecessor-version":[{"id":41224,"href":"https:\/\/jornaldeitaipava.com.br\/index.php\/wp-json\/wp\/v2\/posts\/41222\/revisions\/41224"}],"wp:featuredmedia":[{"embeddable":true,"href":"https:\/\/jornaldeitaipava.com.br\/index.php\/wp-json\/wp\/v2\/media\/41223"}],"wp:attachment":[{"href":"https:\/\/jornaldeitaipava.com.br\/index.php\/wp-json\/wp\/v2\/media?parent=41222"}],"wp:term":[{"taxonomy":"category","embeddable":true,"href":"https:\/\/jornaldeitaipava.com.br\/index.php\/wp-json\/wp\/v2\/categories?post=41222"},{"taxonomy":"post_tag","embeddable":true,"href":"https:\/\/jornaldeitaipava.com.br\/index.php\/wp-json\/wp\/v2\/tags?post=41222"}],"curies":[{"name":"wp","href":"https:\/\/api.w.org\/{rel}","templated":true}]}}