{"id":41272,"date":"2024-08-21T12:46:02","date_gmt":"2024-08-21T15:46:02","guid":{"rendered":"http:\/\/jornaldeitaipava.com.br\/?p=41272"},"modified":"2024-08-21T12:46:04","modified_gmt":"2024-08-21T15:46:04","slug":"casa-de-petropolis-tera-inauguracao-da-exposicao-memorias-submersas-seguida-do-recital-jazz-brasil-neste-mes-de-agosto","status":"publish","type":"post","link":"https:\/\/jornaldeitaipava.com.br\/index.php\/2024\/08\/21\/casa-de-petropolis-tera-inauguracao-da-exposicao-memorias-submersas-seguida-do-recital-jazz-brasil-neste-mes-de-agosto\/","title":{"rendered":"Casa de Petr\u00f3polis ter\u00e1 inaugura\u00e7\u00e3o da exposi\u00e7\u00e3o \u201cMem\u00f3rias Submersas\u201d, seguida do recital \u201cJazz-Brasil\u201d neste m\u00eas de agosto"},"content":{"rendered":"\n<p>Mostra da artista Jeane Terra ser\u00e1 aberta ao p\u00fablico \u00e0s 16h30 de s\u00e1bado, 31 de agosto. J\u00e1 o recital de Andr\u00e9 Doninski ocorre em seguida, \u00e0s 19h30<br>A Casa de Petr\u00f3polis Instituto de Cultura ter\u00e1 a inaugura\u00e7\u00e3o da exposi\u00e7\u00e3o &#8220;Mem\u00f3rias Submersas&#8221;, de Jeane Terra, sob a curadoria de Shannon Botelho, no s\u00e1bado (31), \u00e0s 16h30, com entrada gratuita. No mesmo dia, o espa\u00e7o receber\u00e1 o recital de Andr\u00e9 Doninski \u201cJazz-Brasil\u201d, \u00e0s 19h30. Os ingressos para o recital est\u00e3o \u00e0 venda na bilheteria da Casa ou pelo site.<\/p>\n\n\n\n<p>A nova exposi\u00e7\u00e3o, que vai ocupar a Casa de Petr\u00f3polis at\u00e9 31 de outubro, traz \u00e0 tona uma reflex\u00e3o profunda sobre a mem\u00f3ria coletiva e a a\u00e7\u00e3o humana sobre o meio ambiente, tendo como foco a cidade de Petr\u00f3polis e sua rela\u00e7\u00e3o hist\u00f3rica com as inunda\u00e7\u00f5es. Jeane Terra, em sua po\u00e9tica, utiliza a mem\u00f3ria como um instrumento valioso para capturar e salvaguardar as ru\u00ednas que restam de um mundo inst\u00e1vel.<\/p>\n\n\n\n<p>A trag\u00e9dia ocorrida em Petr\u00f3polis no ver\u00e3o de 2022, que resultou na perda de 240 vidas e deixou milhares de desabrigados, serve como ponto de partida para a artista explorar as cicatrizes deixadas por esse evento e sua resson\u00e2ncia na mem\u00f3ria coletiva. A exposi\u00e7\u00e3o promete ser um espa\u00e7o de introspec\u00e7\u00e3o e debate sobre as consequ\u00eancias das a\u00e7\u00f5es humanas no meio ambiente e a import\u00e2ncia de preservar a mem\u00f3ria coletiva como um alerta para o futuro.<\/p>\n\n\n\n<p>Shannon Botelho, curador da exposi\u00e7\u00e3o, destaca a relev\u00e2ncia do trabalho de Jeane Terra: \u201cO que queremos do futuro? Esta \u00e9 a pergunta que Jeane Terra imprime em suas obras e vocaliza simbolicamente em Mem\u00f3rias Submersas. Oriente e ocidente, Sert\u00e3o e Petr\u00f3polis, aqui e l\u00e1. Tudo converge na mensagem estruturada pela artista e nos conduz exatamente ao cora\u00e7\u00e3o do tempo: o presente\u201d, afirma.<\/p>\n\n\n\n<p>&#8220;Mem\u00f3rias Submersas&#8221; convida o p\u00fablico a mergulhar em um espa\u00e7o onde o passado e o presente se entrela\u00e7am. A instala\u00e7\u00e3o principal, localizada na sala de jantar da Casa de Petr\u00f3polis, apresenta pratos que carregam imagens transferidas de inunda\u00e7\u00f5es hist\u00f3ricas e do desastre de 2022. A \u00e1gua, elemento central da exposi\u00e7\u00e3o, \u00e9 usada como um significante que une diferentes realidades afetadas pelo mesmo temor: a for\u00e7a dual da \u00e1gua como fonte de vida e destrui\u00e7\u00e3o.<\/p>\n\n\n\n<p><strong>Recital de Andr\u00e9 Doninski<br><\/strong>O pianista e compositor Andr\u00e9 Doninski vai explorar m\u00fasicas brasileiras permeadas pelo jazz, fusion, blues e rock progressivo, al\u00e9m de ritmos regionais do pa\u00eds neste s\u00e1bado. A apresenta\u00e7\u00e3o faz parte de uma trilogia de recitais.<\/p>\n\n\n\n<p>No repert\u00f3rio est\u00e3o can\u00e7\u00f5es como \u201cCaravana\u201d, &#8220;Afro-Jazz&#8221;, &#8220;A M\u00fasica dos Ventos&#8221;, &#8220;Orvalho&#8221;, &#8220;Bai\u00e3o para o Ivan&#8221;, &#8220;Quietude&#8221;, &#8220;\u00cdris&#8221;, &#8220;Psy Flow&#8221;, &#8220;Valsa Brasileira&#8221;, &#8220;Cafe\u00edna&#8221;, &#8220;Escarlate&#8221;, &#8220;Blues da &#8216;Curva do S'&#8221;, &#8220;G\u00eanese&#8221;, &#8220;Joshua&#8221;, &#8220;Buenos Aires&#8221; e &#8220;Riacho&#8221;.<\/p>\n\n\n\n<p>Os ingressos custam R$ 40 (inteira) e R$ 20 (meia) e podem ser adquiridos na bilheteria da Casa at\u00e9 o dia do evento ou pelo site https:\/\/culturacasadepetropolis.com.br\/ingresso\/. O evento est\u00e1 sujeito \u00e0 lota\u00e7\u00e3o, por isso \u00e9 aconselh\u00e1vel garantir o lugar com anteced\u00eancia.<\/p>\n\n\n\n<p>A Casa de Petr\u00f3polis Instituto de Cultura fica no n\u00famero 716 da Avenida Ipiranga, no Centro Hist\u00f3rico de Petr\u00f3polis. O local oferece estacionamento rotativo.<\/p>\n\n\n\n<p>Para mais informa\u00e7\u00f5es e reservas, visite o site e siga o perfil da Casa de Petr\u00f3polis nas redes sociais (@culturacasadepetropolis)<\/p>\n\n\n\n<p><strong>Servi\u00e7o:<br>Exposi\u00e7\u00e3o:Mem\u00f3rias Submersas<\/strong><\/p>\n\n\n\n<ul>\n<li>Artista: Jeane Terra<\/li>\n\n\n\n<li>Curadoria: Shannon Botelho<\/li>\n\n\n\n<li>Data de Abertura: 31 de agosto de 2024<\/li>\n\n\n\n<li>Per\u00edodo de Visita\u00e7\u00e3o: 31 de agosto a 31 de outubro de 2024<\/li>\n\n\n\n<li>Hor\u00e1rios: Sexta a domingo, das 10h \u00e0s 16h<\/li>\n\n\n\n<li>Entrada: Gratuita<br>Recital de Andr\u00e9 Doninski<\/li>\n\n\n\n<li>Data: S\u00e1bado, 31 de agosto<\/li>\n\n\n\n<li>Hor\u00e1rio: 19h30<\/li>\n\n\n\n<li>Ingressos:R$ 40 (inteira) e R$ 20 (meia)<\/li>\n\n\n\n<li>Vendas: Na bilheteria da Casa de Petr\u00f3polis at\u00e9 o dia do evento ou online pelo site <a href=\"https:\/\/culturacasadepetropolis.com.br\/ingresso\/\">https:\/\/culturacasadepetropolis.com.br\/ingresso\/<\/a><\/li>\n\n\n\n<li>Local: Casa de Petr\u00f3polis \u2013 Rua Ipiranga, 716, Petr\u00f3polis, RJ<\/li>\n<\/ul>\n","protected":false},"excerpt":{"rendered":"<p>Mostra da artista Jeane Terra ser\u00e1 aberta ao p\u00fablico \u00e0s 16h30 de s\u00e1bado, 31 de<\/p>\n","protected":false},"author":1,"featured_media":16066,"comment_status":"closed","ping_status":"open","sticky":false,"template":"","format":"standard","meta":{"spay_email":"","footnotes":"","jetpack_publicize_message":""},"categories":[42],"tags":[],"jetpack_featured_media_url":"https:\/\/i1.wp.com\/jornaldeitaipava.com.br\/wp-content\/uploads\/2021\/06\/casa-7-erros.png?fit=837%2C536&ssl=1","jetpack_publicize_connections":[],"jetpack_sharing_enabled":true,"jetpack_likes_enabled":true,"jetpack-related-posts":[],"_links":{"self":[{"href":"https:\/\/jornaldeitaipava.com.br\/index.php\/wp-json\/wp\/v2\/posts\/41272"}],"collection":[{"href":"https:\/\/jornaldeitaipava.com.br\/index.php\/wp-json\/wp\/v2\/posts"}],"about":[{"href":"https:\/\/jornaldeitaipava.com.br\/index.php\/wp-json\/wp\/v2\/types\/post"}],"author":[{"embeddable":true,"href":"https:\/\/jornaldeitaipava.com.br\/index.php\/wp-json\/wp\/v2\/users\/1"}],"replies":[{"embeddable":true,"href":"https:\/\/jornaldeitaipava.com.br\/index.php\/wp-json\/wp\/v2\/comments?post=41272"}],"version-history":[{"count":1,"href":"https:\/\/jornaldeitaipava.com.br\/index.php\/wp-json\/wp\/v2\/posts\/41272\/revisions"}],"predecessor-version":[{"id":41273,"href":"https:\/\/jornaldeitaipava.com.br\/index.php\/wp-json\/wp\/v2\/posts\/41272\/revisions\/41273"}],"wp:featuredmedia":[{"embeddable":true,"href":"https:\/\/jornaldeitaipava.com.br\/index.php\/wp-json\/wp\/v2\/media\/16066"}],"wp:attachment":[{"href":"https:\/\/jornaldeitaipava.com.br\/index.php\/wp-json\/wp\/v2\/media?parent=41272"}],"wp:term":[{"taxonomy":"category","embeddable":true,"href":"https:\/\/jornaldeitaipava.com.br\/index.php\/wp-json\/wp\/v2\/categories?post=41272"},{"taxonomy":"post_tag","embeddable":true,"href":"https:\/\/jornaldeitaipava.com.br\/index.php\/wp-json\/wp\/v2\/tags?post=41272"}],"curies":[{"name":"wp","href":"https:\/\/api.w.org\/{rel}","templated":true}]}}