{"id":41278,"date":"2024-08-22T10:15:20","date_gmt":"2024-08-22T13:15:20","guid":{"rendered":"http:\/\/jornaldeitaipava.com.br\/?p=41278"},"modified":"2024-08-22T15:56:57","modified_gmt":"2024-08-22T18:56:57","slug":"petro-ita-pode-voltar-a-operar-linhas-na-regiao-do-alto-da-serra","status":"publish","type":"post","link":"https:\/\/jornaldeitaipava.com.br\/index.php\/2024\/08\/22\/petro-ita-pode-voltar-a-operar-linhas-na-regiao-do-alto-da-serra\/","title":{"rendered":"Por decis\u00e3o da Justi\u00e7a, Petro Ita volta a operar linhas na regi\u00e3o do Alto da Serra e Morin"},"content":{"rendered":"\n<p>Na \u00faltima ter\u00e7a-feira, o Tribunal de Justi\u00e7a do Rio de Janeiro, atrav\u00e9s do desembargador Nagib Slaibi, concedeu uma liminar para suspender os decretos municipais que retiraram as linhas operadas pela Petro Ita no Alto da Serra e no Morin. Na decis\u00e3o, ele afirma que acolheu o pedido da empresa &#8220;em raz\u00e3o do contrato administrativo existente e a alega\u00e7\u00e3o de irregularidade do procedimento administrativo, e, tamb\u00e9m, em raz\u00e3o do perigo na demora, pela evidente situa\u00e7\u00e3o f\u00e1tica que extingue parte das linhas de \u00f4nibus que s\u00e3o abrangidas pelos referidos decretos municipais&#8221;.<br>Em julho, a prefeitura havia retirado 25 linhas da Petro Ita, todas na regi\u00e3o do Alto da Serra e Morin. O decreto publicado no Di\u00e1rio Oficial justificou a medida alegando que as frequentes quebras de \u00f4nibus levaram a empresa a prestar o servi\u00e7o sem qualidade, frequ\u00eancia e obedi\u00eancia \u00e0s condi\u00e7\u00f5es estabelecidas no contrato. As linhas passaram ent\u00e3o a ser operadas pela Cidade Real at\u00e9 que um grupo seja criado para elaborar o edital que licitar\u00e1 as mesmas.<\/p>\n\n\n\n<p><strong>Prefeitura protesta<br><\/strong>O prefeito Rubens Bomtempo divulgou um v\u00eddeo em redes sociais e afirmou que \u00e9 inaceit\u00e1vel a volta da Petro Ita e que vai lutar at\u00e9 o final para que a empresa n\u00e3o volte a operar as linhas da regi\u00e3o do Alto da Serra e Morin.<\/p>\n\n\n\n<p>Em nota a prefeitura disse que &#8220;por meio da Procuradoria Geral do Munic\u00edpio, demonstrou irresigna\u00e7\u00e3o com a decis\u00e3o da Justi\u00e7a que determinou a revoga\u00e7\u00e3o dos decretos de caducidade contra a Petro Ita e informou que vai tomar todas as medidas judiciais cab\u00edveis, de forma imediata, para reverter a situa\u00e7\u00e3o, evitando o quadro de caos no transporte p\u00fablico municipal, garantindo a vida e seguran\u00e7a dos usu\u00e1rios e rodovi\u00e1rios&#8221;.<br><\/p>\n\n\n\n<p><strong>Retomada e novo acidente nesta manh\u00e3<br><\/strong>Na manh\u00e3 desta quinta-feira (22), a Petro Ita deu in\u00edcio \u00e0 retomada das linhas e alguns \u00f4nibus da empresa j\u00e1 operavam na regi\u00e3o do Meio da Serra. Ainda nesta manh\u00e3, foi registrado um novo acidente com v\u00edtimas envolvendo um coletivo da empresa, que fazia a linha 436 &#8211; Independ\u00eancia. De acordo com informa\u00e7\u00f5es o \u00f4nibus colidiu com o barranco na Rua \u00c2ngelo Brand. Quatro passageiros foram atendidos pelo Corpo de Bombeiros.<\/p>\n","protected":false},"excerpt":{"rendered":"<p>Na \u00faltima ter\u00e7a-feira, o Tribunal de Justi\u00e7a do Rio de Janeiro, atrav\u00e9s do desembargador Nagib<\/p>\n","protected":false},"author":1,"featured_media":16819,"comment_status":"closed","ping_status":"open","sticky":false,"template":"","format":"standard","meta":{"spay_email":"","footnotes":"","jetpack_publicize_message":""},"categories":[24],"tags":[],"jetpack_featured_media_url":"https:\/\/i0.wp.com\/jornaldeitaipava.com.br\/wp-content\/uploads\/2021\/06\/petroita.png?fit=1010%2C532&ssl=1","jetpack_publicize_connections":[],"jetpack_sharing_enabled":true,"jetpack_likes_enabled":true,"jetpack-related-posts":[],"_links":{"self":[{"href":"https:\/\/jornaldeitaipava.com.br\/index.php\/wp-json\/wp\/v2\/posts\/41278"}],"collection":[{"href":"https:\/\/jornaldeitaipava.com.br\/index.php\/wp-json\/wp\/v2\/posts"}],"about":[{"href":"https:\/\/jornaldeitaipava.com.br\/index.php\/wp-json\/wp\/v2\/types\/post"}],"author":[{"embeddable":true,"href":"https:\/\/jornaldeitaipava.com.br\/index.php\/wp-json\/wp\/v2\/users\/1"}],"replies":[{"embeddable":true,"href":"https:\/\/jornaldeitaipava.com.br\/index.php\/wp-json\/wp\/v2\/comments?post=41278"}],"version-history":[{"count":4,"href":"https:\/\/jornaldeitaipava.com.br\/index.php\/wp-json\/wp\/v2\/posts\/41278\/revisions"}],"predecessor-version":[{"id":41295,"href":"https:\/\/jornaldeitaipava.com.br\/index.php\/wp-json\/wp\/v2\/posts\/41278\/revisions\/41295"}],"wp:featuredmedia":[{"embeddable":true,"href":"https:\/\/jornaldeitaipava.com.br\/index.php\/wp-json\/wp\/v2\/media\/16819"}],"wp:attachment":[{"href":"https:\/\/jornaldeitaipava.com.br\/index.php\/wp-json\/wp\/v2\/media?parent=41278"}],"wp:term":[{"taxonomy":"category","embeddable":true,"href":"https:\/\/jornaldeitaipava.com.br\/index.php\/wp-json\/wp\/v2\/categories?post=41278"},{"taxonomy":"post_tag","embeddable":true,"href":"https:\/\/jornaldeitaipava.com.br\/index.php\/wp-json\/wp\/v2\/tags?post=41278"}],"curies":[{"name":"wp","href":"https:\/\/api.w.org\/{rel}","templated":true}]}}