{"id":41286,"date":"2024-08-22T12:01:50","date_gmt":"2024-08-22T15:01:50","guid":{"rendered":"http:\/\/jornaldeitaipava.com.br\/?p=41286"},"modified":"2024-08-22T12:01:53","modified_gmt":"2024-08-22T15:01:53","slug":"cidade-esquecida-documentario-que-revela-realidade-dos-moradores-de-rua-finaliza-filmagens-em-petropolis","status":"publish","type":"post","link":"https:\/\/jornaldeitaipava.com.br\/index.php\/2024\/08\/22\/cidade-esquecida-documentario-que-revela-realidade-dos-moradores-de-rua-finaliza-filmagens-em-petropolis\/","title":{"rendered":"\u201cCidade Esquecida\u201d: document\u00e1rio que revela realidade dos moradores de rua finaliza filmagens em Petr\u00f3polis"},"content":{"rendered":"\n<p class=\"has-text-align-center\"><strong>O m\u00eas de agosto \u00e9 dedicado \u00e0 reflex\u00e3o e conscientiza\u00e7\u00e3o sobre as dificuldades enfrentadas pela popula\u00e7\u00e3o em situa\u00e7\u00e3o de rua.<\/strong><\/p>\n\n\n\n<p>Agosto \u00e9 o m\u00eas de Luta da Popula\u00e7\u00e3o em Situa\u00e7\u00e3o de Rua, dedicado \u00e0 reflex\u00e3o e conscientiza\u00e7\u00e3o sobre as dificuldades enfrentadas por essas pessoas. Em Petr\u00f3polis, o Minist\u00e9rio do Desenvolvimento e Assist\u00eancia Social estima que 321 indiv\u00edduos vivem nas ruas. O dia 19 de agosto, marcado como o Dia Nacional de Luta da Popula\u00e7\u00e3o em Situa\u00e7\u00e3o de Rua, rememora o tr\u00e1gico \u201cMassacre da S\u00e9\u201d de 2004, quando sete pessoas em situa\u00e7\u00e3o de rua foram assassinadas e oito ficaram gravemente feridas enquanto dormiam na Pra\u00e7a da S\u00e9, em S\u00e3o Paulo.<\/p>\n\n\n\n<p>Neste contexto, o document\u00e1rio &#8220;Cidade Esquecida&#8221;, filmado em Petr\u00f3polis, revela as hist\u00f3rias comoventes e profundas de cidad\u00e3os invis\u00edveis para a sociedade. Com in\u00edcio em fevereiro e previs\u00e3o de conclus\u00e3o das filmagens ainda este m\u00eas, o projeto oferece um olhar \u00edntimo sobre a realidade daqueles que habitam marquises, cal\u00e7adas e pra\u00e7as da Cidade Imperial, lutando pela sobreviv\u00eancia.<\/p>\n\n\n\n<p>\u201cO projeto envolveu uma pesquisa meticulosa e detalhada. Empregamos o m\u00e1ximo de cuidado e respeito com esses indiv\u00edduos e suas hist\u00f3rias. Durante semanas, sa\u00edmos \u00e0s ruas durante a noite para ouvi-los e compreender suas experi\u00eancias de forma genu\u00edna,\u201d destaca a produtora Marise Sim\u00f5es.<\/p>\n\n\n\n<p>O diretor e roteirista Rodolfo Medeiros ressalta que \u201calguns entrevistados adotaram temporariamente as ruas como morada, enquanto outros optaram por essa vida mesmo diante de alternativas. Essa escolha muitas vezes reflete um desejo de liberdade, uma busca por uma exist\u00eancia sem amarras e sem julgamentos\u201d.<\/p>\n\n\n\n<p>Com lan\u00e7amento previsto para novembro de 2024, o document\u00e1rio ter\u00e1 uma estreia especial em um cinema de Petr\u00f3polis e exibi\u00e7\u00f5es em locais p\u00fablicos acompanhadas de rodas de conversa sobre o tema. \u201cCidade Esquecida \u2013 um document\u00e1rio sobre os moradores de rua de Petr\u00f3polis\u201d \u00e9 uma produ\u00e7\u00e3o contemplada no Edital de Produ\u00e7\u00f5es Audiovisuais (Chamada P\u00fablica 02\/2023) da Prefeitura de Petr\u00f3polis, por meio do Instituto Municipal de Cultura, com apoio do Governo Federal atrav\u00e9s da Lei Paulo Gustavo.<\/p>\n\n\n\n<p>Para acompanhar os bastidores das grava\u00e7\u00f5es, siga as redes sociais oficiais do document\u00e1rio: @cidade.esquecida2024 no Instagram e no Twitter.<\/p>\n","protected":false},"excerpt":{"rendered":"<p>O m\u00eas de agosto \u00e9 dedicado \u00e0 reflex\u00e3o e conscientiza\u00e7\u00e3o sobre as dificuldades enfrentadas pela<\/p>\n","protected":false},"author":1,"featured_media":41287,"comment_status":"closed","ping_status":"open","sticky":false,"template":"","format":"standard","meta":{"spay_email":"","footnotes":"","jetpack_publicize_message":""},"categories":[2],"tags":[],"jetpack_featured_media_url":"https:\/\/i2.wp.com\/jornaldeitaipava.com.br\/wp-content\/uploads\/2024\/08\/WhatsApp-Image-2024-08-21-at-14.52.58.jpeg?fit=1080%2C698&ssl=1","jetpack_publicize_connections":[],"jetpack_sharing_enabled":true,"jetpack_likes_enabled":true,"jetpack-related-posts":[],"_links":{"self":[{"href":"https:\/\/jornaldeitaipava.com.br\/index.php\/wp-json\/wp\/v2\/posts\/41286"}],"collection":[{"href":"https:\/\/jornaldeitaipava.com.br\/index.php\/wp-json\/wp\/v2\/posts"}],"about":[{"href":"https:\/\/jornaldeitaipava.com.br\/index.php\/wp-json\/wp\/v2\/types\/post"}],"author":[{"embeddable":true,"href":"https:\/\/jornaldeitaipava.com.br\/index.php\/wp-json\/wp\/v2\/users\/1"}],"replies":[{"embeddable":true,"href":"https:\/\/jornaldeitaipava.com.br\/index.php\/wp-json\/wp\/v2\/comments?post=41286"}],"version-history":[{"count":1,"href":"https:\/\/jornaldeitaipava.com.br\/index.php\/wp-json\/wp\/v2\/posts\/41286\/revisions"}],"predecessor-version":[{"id":41288,"href":"https:\/\/jornaldeitaipava.com.br\/index.php\/wp-json\/wp\/v2\/posts\/41286\/revisions\/41288"}],"wp:featuredmedia":[{"embeddable":true,"href":"https:\/\/jornaldeitaipava.com.br\/index.php\/wp-json\/wp\/v2\/media\/41287"}],"wp:attachment":[{"href":"https:\/\/jornaldeitaipava.com.br\/index.php\/wp-json\/wp\/v2\/media?parent=41286"}],"wp:term":[{"taxonomy":"category","embeddable":true,"href":"https:\/\/jornaldeitaipava.com.br\/index.php\/wp-json\/wp\/v2\/categories?post=41286"},{"taxonomy":"post_tag","embeddable":true,"href":"https:\/\/jornaldeitaipava.com.br\/index.php\/wp-json\/wp\/v2\/tags?post=41286"}],"curies":[{"name":"wp","href":"https:\/\/api.w.org\/{rel}","templated":true}]}}