{"id":41289,"date":"2024-08-22T15:47:51","date_gmt":"2024-08-22T18:47:51","guid":{"rendered":"http:\/\/jornaldeitaipava.com.br\/?p=41289"},"modified":"2024-08-22T15:47:53","modified_gmt":"2024-08-22T18:47:53","slug":"shows-programacao-infantil-e-baile-da-geracao-prateada-no-final-de-semana-do-hiper","status":"publish","type":"post","link":"https:\/\/jornaldeitaipava.com.br\/index.php\/2024\/08\/22\/shows-programacao-infantil-e-baile-da-geracao-prateada-no-final-de-semana-do-hiper\/","title":{"rendered":"Shows, Programa\u00e7\u00e3o Infantil e Baile da Gera\u00e7\u00e3o Prateada no final de semana do Hiper"},"content":{"rendered":"\n<p class=\"has-text-align-center\"><strong>As bandas In Rock e Chilli animam os shows da pra\u00e7a de alimenta\u00e7\u00e3o e a programa\u00e7\u00e3o infantil come\u00e7a a partir das 10h da manh\u00e3, no s\u00e1bado.<\/strong><\/p>\n\n\n\n<p>Na sexta-feira, dia 23, a partir das 19h, o Palco Hiper da Pra\u00e7a de Alimenta\u00e7\u00e3o recebe pela primeira vez a banda In Rock, o trio formado por Edu Koszlowski, Marcelo Werneck e Vav\u00e1 Luthier apresentam conhecidos cl\u00e1ssicos do rock.<\/p>\n\n\n\n<p>No s\u00e1bado, dia 24, a divers\u00e3o come\u00e7a \u00e0s 10 da manh\u00e3, com atividades de recrea\u00e7\u00e3o na companhia do personagem Super Mario. Mais tarde, \u00e0s 15h, tem conta\u00e7\u00e3o da hist\u00f3ria \u201cO Casamento da Dona Baratinha\u201d.<br>No final da tarde, \u00e0s 17h, o Hiper traz m\u00fasica ao vivo para o mall do primeiro piso com a voz e viol\u00e3o de Carlos Ally. Ainda no s\u00e1bado, a banda Chilli coloca todo mundo pra dan\u00e7ar, a partir das 19h, no Palco Hiper da Praca de Alimenta\u00e7\u00e3o. O domingo ser\u00e1 dedicado \u00e0 \u00faltima edi\u00e7\u00e3o de 2024 do Baile da Gera\u00e7\u00e3o Prateada, coordenado pela produtora Silvana Coelho e ao som do tecladista M\u00e1rcio Alves, a partir das 15h.<\/p>\n\n\n\n<p>Toda segunda, \u00e0s 20h, acontece aula de dan\u00e7a e passinhos retr\u00f4, na Pra\u00e7a de Alimenta\u00e7\u00e3o, coordenado por Silvana Coelho e Marcelo Cruz. J\u00e1 as ter\u00e7as e quintas, a partir das 11h, acontecem atividades f\u00edsicas destinadas ao bem estar da melhor idade com a tutoria de profissionais de educa\u00e7\u00e3o f\u00edsica. Sempre \u00e0s sextas e s\u00e1bados, tem sempre um show diferente no Palco Hiper da Pra\u00e7a de Alimenta\u00e7\u00e3o, a partir das 19h. Todos os eventos s\u00e3o gratuitos.<\/p>\n\n\n\n<p>O shopping tem parque infantil, parque pet, boliche, kart indoor, xadrez gigante, coworking, supermercado, unidade modelo do Detran-RJ, v\u00e1rias secretarias da Prefeitura de Petr\u00f3polis, laborat\u00f3rio de an\u00e1lises cl\u00ednicas, lot\u00e9rica, farm\u00e1cia, \u00f3tica, lavanderia, sal\u00f5es de beleza, contadores, advogados, arquitetos, m\u00e9dicos, dentistas, psic\u00f3logos, fonoaudi\u00f3logos, fisioterapeutas, lojas de inform\u00e1tica, casa e decora\u00e7\u00e3o, presentes, roupas, noivas, festas, bijuterias, brinquedos, cal\u00e7ados e lanchonetes. O estacionamento coberto tem vaga para cerca de mil autom\u00f3veis e custa R$6,00 por duas horas.<\/p>\n\n\n\n<p>Inaugurado em junho de 1989, o Hipershopping Petr\u00f3polis \u00e9 o primeiro shopping center constru\u00eddo na regi\u00e3o serrana do Rio de Janeiro e completa 35 anos em 2024. Ao longo dos anos, o empreendimento impulsionou o desenvolvimento do seu entorno e proporciona atividades de lazer, entretenimento e cultura para toda a fam\u00edlia.<\/p>\n","protected":false},"excerpt":{"rendered":"<p>As bandas In Rock e Chilli animam os shows da pra\u00e7a de alimenta\u00e7\u00e3o e a<\/p>\n","protected":false},"author":1,"featured_media":41290,"comment_status":"closed","ping_status":"open","sticky":false,"template":"","format":"standard","meta":{"spay_email":"","footnotes":"","jetpack_publicize_message":""},"categories":[42],"tags":[],"jetpack_featured_media_url":"https:\/\/i2.wp.com\/jornaldeitaipava.com.br\/wp-content\/uploads\/2024\/08\/WhatsApp-Image-2024-08-22-at-13.53.39.jpeg?fit=1599%2C899&ssl=1","jetpack_publicize_connections":[],"jetpack_sharing_enabled":true,"jetpack_likes_enabled":true,"jetpack-related-posts":[],"_links":{"self":[{"href":"https:\/\/jornaldeitaipava.com.br\/index.php\/wp-json\/wp\/v2\/posts\/41289"}],"collection":[{"href":"https:\/\/jornaldeitaipava.com.br\/index.php\/wp-json\/wp\/v2\/posts"}],"about":[{"href":"https:\/\/jornaldeitaipava.com.br\/index.php\/wp-json\/wp\/v2\/types\/post"}],"author":[{"embeddable":true,"href":"https:\/\/jornaldeitaipava.com.br\/index.php\/wp-json\/wp\/v2\/users\/1"}],"replies":[{"embeddable":true,"href":"https:\/\/jornaldeitaipava.com.br\/index.php\/wp-json\/wp\/v2\/comments?post=41289"}],"version-history":[{"count":1,"href":"https:\/\/jornaldeitaipava.com.br\/index.php\/wp-json\/wp\/v2\/posts\/41289\/revisions"}],"predecessor-version":[{"id":41291,"href":"https:\/\/jornaldeitaipava.com.br\/index.php\/wp-json\/wp\/v2\/posts\/41289\/revisions\/41291"}],"wp:featuredmedia":[{"embeddable":true,"href":"https:\/\/jornaldeitaipava.com.br\/index.php\/wp-json\/wp\/v2\/media\/41290"}],"wp:attachment":[{"href":"https:\/\/jornaldeitaipava.com.br\/index.php\/wp-json\/wp\/v2\/media?parent=41289"}],"wp:term":[{"taxonomy":"category","embeddable":true,"href":"https:\/\/jornaldeitaipava.com.br\/index.php\/wp-json\/wp\/v2\/categories?post=41289"},{"taxonomy":"post_tag","embeddable":true,"href":"https:\/\/jornaldeitaipava.com.br\/index.php\/wp-json\/wp\/v2\/tags?post=41289"}],"curies":[{"name":"wp","href":"https:\/\/api.w.org\/{rel}","templated":true}]}}