{"id":41492,"date":"2024-09-09T14:32:52","date_gmt":"2024-09-09T17:32:52","guid":{"rendered":"http:\/\/jornaldeitaipava.com.br\/?p=41492"},"modified":"2024-09-09T14:32:58","modified_gmt":"2024-09-09T17:32:58","slug":"solidariedade-marcas-da-rua-teresa-realizam-o-bazar-da-vivi","status":"publish","type":"post","link":"https:\/\/jornaldeitaipava.com.br\/index.php\/2024\/09\/09\/solidariedade-marcas-da-rua-teresa-realizam-o-bazar-da-vivi\/","title":{"rendered":"Solidariedade: marcas da Rua Teresa realizam o Bazar da Vivi"},"content":{"rendered":"\n<p class=\"has-text-align-center\"><strong>A\u00e7\u00e3o conta com o apoio da ARTE<\/strong><\/p>\n\n\n\n<p>A luta de uma fam\u00edlia petropolitana em busca de aux\u00edlio financeiro para custear o tratamento da pequena Vit\u00f3ria Kaizer, de 10 anos, vai ganhar um refor\u00e7o especial: 52 marcas da Rua Teresa realizar\u00e3o, no dia 14 de setembro, um bazar especial com a venda de roupas novas. Todo o valor arrecadado ser\u00e1 revertido para o tratamento de Vit\u00f3ria, diagnosticada com um tumor no tronco cerebral, em 2023.<\/p>\n\n\n\n<p>A fam\u00edlia de Vit\u00f3ria teve que fechar a loja que mantinha na Rua Teresa para dar o aux\u00edlio necess\u00e1rio \u00e0 menina durante o tratamento. Ela est\u00e1 sendo tratada com o ONC201, produzido nos Estados Unidos. O pai de Vit\u00f3ria, Rodolpho, viaja mensalmente para buscar de forma gratuita o medicamento, que s\u00f3 pode ser retirado nos EUA por um respons\u00e1vel legal. O tratamento tem resultados positivos, no entanto, os gastos da fam\u00edlia s\u00e3o grandes. Al\u00e9m disso, a radioterapia levou ao desenvolvimento da radionecrose, uma complica\u00e7\u00e3o tardia comum em tratamentos neurol\u00f3gicos. E Vit\u00f3ria tamb\u00e9m precisa de terapias espec\u00edficas.<\/p>\n\n\n\n<p>\u201cH\u00e1 algum tempo estamos pedindo ajuda aos associados e demais lojistas da Rua Teresa para essa fam\u00edlia. Mas, conversando com a diretoria da ARTE, chegamos \u00e0 conclus\u00e3o de que podemos fazer mais e a ideia do bazar surgiu justamente para ajudar essa fam\u00edlia que precisa tanto de amparo neste momento. Esperamos que os petropolitanos visitem o bazar e nos ajudem nessa corrente do bem\u201d, afirmou a presidente da Associa\u00e7\u00e3o da Rua Teresa &#8211; ARTE &#8211; Denise Fiorini.<\/p>\n\n\n\n<p>O bazar vai ocorrer em uma loja na Rua Aureliano Coutinho, n.\u00ba 72, das 11h \u00e0s 18h e contar\u00e1 com pe\u00e7as para todos os tamanhos e estilos com valores acess\u00edveis das 52 marcas participantes.<\/p>\n\n\n\n<p>A fam\u00edlia de Vit\u00f3ria tamb\u00e9m mant\u00e9m uma vakinha online: https:\/\/www.vakinha.com.br\/vaquinha\/ajuda-vitoria-tratamento-nos-eua<\/p>\n\n\n\n<p>Al\u00e9m da vakinha, a fam\u00edlia est\u00e1 recebendo doa\u00e7\u00f5es por meio de Pix celular, com a seguinte chave: (22) 98170-5654.<\/p>\n\n\n\n<p>Servi\u00e7o:<br>Bazar da Vivi<br>Data: 14 de setembro<br>Onde: Rua Teresa, n.\u00ba 72<br>Hor\u00e1rio: 11h \u00e0s 18h<\/p>\n","protected":false},"excerpt":{"rendered":"<p>A\u00e7\u00e3o conta com o apoio da ARTE A luta de uma fam\u00edlia petropolitana em busca<\/p>\n","protected":false},"author":1,"featured_media":41493,"comment_status":"closed","ping_status":"open","sticky":false,"template":"","format":"standard","meta":{"spay_email":"","footnotes":"","jetpack_publicize_message":""},"categories":[24],"tags":[],"jetpack_featured_media_url":"https:\/\/i0.wp.com\/jornaldeitaipava.com.br\/wp-content\/uploads\/2024\/09\/vivi.png?fit=524%2C301&ssl=1","jetpack_publicize_connections":[],"jetpack_sharing_enabled":true,"jetpack_likes_enabled":true,"jetpack-related-posts":[],"_links":{"self":[{"href":"https:\/\/jornaldeitaipava.com.br\/index.php\/wp-json\/wp\/v2\/posts\/41492"}],"collection":[{"href":"https:\/\/jornaldeitaipava.com.br\/index.php\/wp-json\/wp\/v2\/posts"}],"about":[{"href":"https:\/\/jornaldeitaipava.com.br\/index.php\/wp-json\/wp\/v2\/types\/post"}],"author":[{"embeddable":true,"href":"https:\/\/jornaldeitaipava.com.br\/index.php\/wp-json\/wp\/v2\/users\/1"}],"replies":[{"embeddable":true,"href":"https:\/\/jornaldeitaipava.com.br\/index.php\/wp-json\/wp\/v2\/comments?post=41492"}],"version-history":[{"count":1,"href":"https:\/\/jornaldeitaipava.com.br\/index.php\/wp-json\/wp\/v2\/posts\/41492\/revisions"}],"predecessor-version":[{"id":41494,"href":"https:\/\/jornaldeitaipava.com.br\/index.php\/wp-json\/wp\/v2\/posts\/41492\/revisions\/41494"}],"wp:featuredmedia":[{"embeddable":true,"href":"https:\/\/jornaldeitaipava.com.br\/index.php\/wp-json\/wp\/v2\/media\/41493"}],"wp:attachment":[{"href":"https:\/\/jornaldeitaipava.com.br\/index.php\/wp-json\/wp\/v2\/media?parent=41492"}],"wp:term":[{"taxonomy":"category","embeddable":true,"href":"https:\/\/jornaldeitaipava.com.br\/index.php\/wp-json\/wp\/v2\/categories?post=41492"},{"taxonomy":"post_tag","embeddable":true,"href":"https:\/\/jornaldeitaipava.com.br\/index.php\/wp-json\/wp\/v2\/tags?post=41492"}],"curies":[{"name":"wp","href":"https:\/\/api.w.org\/{rel}","templated":true}]}}