{"id":41566,"date":"2024-09-11T16:32:21","date_gmt":"2024-09-11T19:32:21","guid":{"rendered":"http:\/\/jornaldeitaipava.com.br\/?p=41566"},"modified":"2024-09-11T16:32:29","modified_gmt":"2024-09-11T19:32:29","slug":"seminario-em-petropolis-reune-especialistas-em-torno-dos-impactos-do-virtual-na-saude-mental","status":"publish","type":"post","link":"https:\/\/jornaldeitaipava.com.br\/index.php\/2024\/09\/11\/seminario-em-petropolis-reune-especialistas-em-torno-dos-impactos-do-virtual-na-saude-mental\/","title":{"rendered":"Semin\u00e1rio em Petr\u00f3polis re\u00fane especialistas em torno dos impactos do virtual na sa\u00fade mental"},"content":{"rendered":"\n<p>Evento vai acontecer nos dias 18 e 19 de setembro, no Centro Cultural Sesc Quitandinha. Entrada gratuita<br>Est\u00e3o abertas as inscri\u00e7\u00f5es para o 3\u00ba Semin\u00e1rio Sesc+ Sa\u00fade, que vai acontecer nos dias 18 e 19 de setembro no Centro Cultural Sesc Quitandinha (CCSQ), em Petr\u00f3polis. Com o tema, Sa\u00fade Mental e Rela\u00e7\u00f5es Humanas, o evento vai reunir um seleto time de especialistas em torno dos impactos do virtual na sa\u00fade mental. As inscri\u00e7\u00f5es gratuitas devem ser feitas, previamente, pelo Sympla.<br>No dia 18 de setembro, a partir das 9h30, haver\u00e1 uma palestra sobre neuroci\u00eancia com Pedro Calabrez, doutor em Ci\u00eancias pela Universidade Federal de S\u00e3o Paulo (UNIFESP). Em seguida, a psic\u00f3loga Edwiges Parra, especialista em Sa\u00fade Mental Digital e professora da Funda\u00e7\u00e3o Get\u00falio Vargas (FGV), vai abordar as rela\u00e7\u00f5es humanas na era digital.<br>A programa\u00e7\u00e3o seguir\u00e1 com uma mesa de discuss\u00e3o sobre os la\u00e7os digitais e seu impacto na sa\u00fade mental, com Felipe Fortes, do N\u00facleo de Estudos da Sa\u00fade do Adolescente da Universidade do Estado do Rio de Janeiro (UERJ), e Loraine Martins, psiquiatra pela Universidade Federal do Paran\u00e1 (UFPR).<br>No dia 19 de setembro, o semin\u00e1rio iniciar\u00e1 com a grava\u00e7\u00e3o do videocast do Sesc+ Sa\u00fade com a participa\u00e7\u00e3o de Marcos Lacerda, mestre em Psicologia Social e dono do canal \u201cN\u00f3s da Quest\u00e3o\u201d, que re\u00fane 2 milh\u00f5es de inscritos no Youtube e vem democratizando a psicologia pela internet.<br>Em seguida, a psicanalista, escritora e apresentadora do SAC das Emo\u00e7\u00f5es, do canal GNT, Elisama Santos, e o psic\u00f3logo e idealizador da campanha sobre sa\u00fade mental \u201cJaneiro Branco\u201d, Leonardo Abrah\u00e3o, v\u00e3o discutir como as palavras podem transformar as rela\u00e7\u00f5es.<br>No mesmo dia, haver\u00e1 tamb\u00e9m palestras com o professor de psicologia, Rossandro Klinjey, que vai falar sobre a constru\u00e7\u00e3o de redes de apoio eficazes, e com Guilhermo Santiago, m\u00fasico palestrante com forma\u00e7\u00e3o em neurolingu\u00edstica que vai abordar formas de perceber a vida de maneira l\u00fadica.<br>\u201cA import\u00e2ncia do cuidado com a sa\u00fade mental para a sa\u00fade integral ser\u00e1 um dos focos centrais do evento, considerando os impactos que o virtual tem tido, levando ao isolamento e ao agravamento de condi\u00e7\u00f5es de sa\u00fade. Esse \u00e9 um tema crucial nos dias de hoje, em que a sa\u00fade mental \u00e9 fundamental para o bem-estar geral e para a capacidade de enfrentar os desafios di\u00e1rios\u201d, disse o gerente de Sa\u00fade do Sesc RJ, Marcus Bezerra.<br>Nos dois dias do evento, haver\u00e1 uma visita mediada ao Centro Cultural Sesc Quitandinha, quando o p\u00fablico poder\u00e1 conhecer, em detalhes, o edif\u00edcio hist\u00f3rico, que completou 80 anos em 2024, e a elogiada exposi\u00e7\u00e3o \u201cDos Brasis \u2013 Arte e Pensamento Negro\u201d, considerada a mais abrangente mostra sobre a produ\u00e7\u00e3o de artistas negros e negras nacional.<br>Realizado pelo Sesc RJ, o semin\u00e1rio integra o projeto Sesc+ Sa\u00fade, que oferece de forma gratuita ou a pre\u00e7os acess\u00edveis, em todo o estado, em unidades fixas e m\u00f3veis, uma s\u00e9rie de atividades e servi\u00e7os para a sa\u00fade com vi\u00e9s multidisciplinar e complementar, com foco no bem-estar f\u00edsico, mental e social. Saiba mais em sescrio.org.br\/saude\/sesc-saude.<\/p>\n\n\n\n<p><strong>SERVI\u00c7O<\/strong><br>3\u00ba Semin\u00e1rio Sesc+ Sa\u00fade<br>Dias 18 e 19 de setembro, das 9h \u00e0s 17h<br>Centro Cultural Sesc Quitandinha<br>Endere\u00e7o: Av. Joaquim Rolla, 2, Quitandinha \u2013 Petr\u00f3polis\/RJ<br>Inscri\u00e7\u00f5es gratuitas pelo Sympla<\/p>\n","protected":false},"excerpt":{"rendered":"<p>Evento vai acontecer nos dias 18 e 19 de setembro, no Centro Cultural Sesc Quitandinha.<\/p>\n","protected":false},"author":1,"featured_media":41567,"comment_status":"closed","ping_status":"open","sticky":false,"template":"","format":"standard","meta":{"spay_email":"","footnotes":"","jetpack_publicize_message":""},"categories":[2],"tags":[],"jetpack_featured_media_url":"https:\/\/i1.wp.com\/jornaldeitaipava.com.br\/wp-content\/uploads\/2024\/09\/Seminario-Sesc-Saude-2023_Foto-Gabriel-Amarante-Sesc-RJ-2-2-scaled.jpg?fit=2560%2C1707&ssl=1","jetpack_publicize_connections":[],"jetpack_sharing_enabled":true,"jetpack_likes_enabled":true,"jetpack-related-posts":[],"_links":{"self":[{"href":"https:\/\/jornaldeitaipava.com.br\/index.php\/wp-json\/wp\/v2\/posts\/41566"}],"collection":[{"href":"https:\/\/jornaldeitaipava.com.br\/index.php\/wp-json\/wp\/v2\/posts"}],"about":[{"href":"https:\/\/jornaldeitaipava.com.br\/index.php\/wp-json\/wp\/v2\/types\/post"}],"author":[{"embeddable":true,"href":"https:\/\/jornaldeitaipava.com.br\/index.php\/wp-json\/wp\/v2\/users\/1"}],"replies":[{"embeddable":true,"href":"https:\/\/jornaldeitaipava.com.br\/index.php\/wp-json\/wp\/v2\/comments?post=41566"}],"version-history":[{"count":1,"href":"https:\/\/jornaldeitaipava.com.br\/index.php\/wp-json\/wp\/v2\/posts\/41566\/revisions"}],"predecessor-version":[{"id":41568,"href":"https:\/\/jornaldeitaipava.com.br\/index.php\/wp-json\/wp\/v2\/posts\/41566\/revisions\/41568"}],"wp:featuredmedia":[{"embeddable":true,"href":"https:\/\/jornaldeitaipava.com.br\/index.php\/wp-json\/wp\/v2\/media\/41567"}],"wp:attachment":[{"href":"https:\/\/jornaldeitaipava.com.br\/index.php\/wp-json\/wp\/v2\/media?parent=41566"}],"wp:term":[{"taxonomy":"category","embeddable":true,"href":"https:\/\/jornaldeitaipava.com.br\/index.php\/wp-json\/wp\/v2\/categories?post=41566"},{"taxonomy":"post_tag","embeddable":true,"href":"https:\/\/jornaldeitaipava.com.br\/index.php\/wp-json\/wp\/v2\/tags?post=41566"}],"curies":[{"name":"wp","href":"https:\/\/api.w.org\/{rel}","templated":true}]}}