{"id":41574,"date":"2024-09-12T14:10:42","date_gmt":"2024-09-12T17:10:42","guid":{"rendered":"http:\/\/jornaldeitaipava.com.br\/?p=41574"},"modified":"2024-09-12T14:10:50","modified_gmt":"2024-09-12T17:10:50","slug":"vilarejo-celebra-a-chegada-da-primavera-com-musica-gastronomia-e-moda","status":"publish","type":"post","link":"https:\/\/jornaldeitaipava.com.br\/index.php\/2024\/09\/12\/vilarejo-celebra-a-chegada-da-primavera-com-musica-gastronomia-e-moda\/","title":{"rendered":"Vilarejo celebra a chegada da primavera com m\u00fasica, gastronomia e moda"},"content":{"rendered":"\n<p class=\"has-text-align-center\"><strong>Evento gratuito acontece neste fim de semana em Itaipava e re\u00fane atra\u00e7\u00f5es para toda a fam\u00edlia<\/strong><\/p>\n\n\n\n<p>A primavera est\u00e1 batendo \u00e0 porta, e o Shopping Vilarejo, em Itaipava, j\u00e1 se antecipou para receber a nova esta\u00e7\u00e3o com um fim de semana repleto de estilo, gastronomia e m\u00fasica. S\u00e1bado e domingo (14 e 15), o Vilarejo OUT vai transformar a charmosa Pra\u00e7a do Sol em um ponto de encontro para quem quer curtir o melhor da temporada: de ofertas imperd\u00edveis a atra\u00e7\u00f5es culturais, tudo com o frescor e a leveza que s\u00f3 a primavera pode trazer. E mais: a Pra\u00e7a do Sol, cora\u00e7\u00e3o do Vilarejo, vai ser o palco para que as lojas exibam seus produtos bem pertinho do p\u00fablico que ainda vai apreciar comes e bebes dos restaurantes e bares neste ambiente descontra\u00eddo e regado de cultura com teatro e m\u00fasica.<\/p>\n\n\n\n<p>O evento, que celebra tamb\u00e9m o Dia do Cliente, dia 15 de setembro, promete encantar visitantes com o lan\u00e7amento das cole\u00e7\u00f5es de Primavera\/Ver\u00e3o. As vitrines das lojas j\u00e1 est\u00e3o se colorindo com as tend\u00eancias da esta\u00e7\u00e3o, que apostam em tons pastel misturados a cores vibrantes, estampas tropicais e tecidos fluidos. Pe\u00e7as atemporais tamb\u00e9m ter\u00e3o espa\u00e7o, garantindo op\u00e7\u00f5es para todos os gostos. E o melhor: os visitantes ainda poder\u00e3o aproveitar descontos de at\u00e9 50% nas liquida\u00e7\u00f5es de inverno, uma \u00f3tima oportunidade para quem quer renovar o guarda-roupa sem gastar muito.<\/p>\n\n\n\n<p>Mas o Vilarejo OUT vai al\u00e9m de boas compras. No s\u00e1bado, a partir das 16h, o teatro de bonecos &#8220;A Lebre e a Tartaruga&#8221;, da F\u00e1bula de Esopo, promete entreter as crian\u00e7as e seus pais com uma apresenta\u00e7\u00e3o divertida e repleta de efeitos visuais. No domingo, \u00e0s 14h, \u00e9 a vez de Caio Farias tomar conta do palco com sua voz e viol\u00e3o, criando a trilha sonora perfeita para um passeio tranquilo entre as lojas e os restaurantes. As duas apresenta\u00e7\u00f5es s\u00e3o gratuitas.<\/p>\n\n\n\n<p>Bares e restaurantes do Vilarejo complementam a experi\u00eancia a ser oferecida ao p\u00fablico. A culin\u00e1ria local tamb\u00e9m entra no clima primaveril, com card\u00e1pios que convidam a saborear pratos leves e drinques refrescantes ao ar livre. Da tradicional gastronomia italiana \u00e0s cria\u00e7\u00f5es contempor\u00e2neas, cada refei\u00e7\u00e3o ser\u00e1 uma experi\u00eancia que combina com o cen\u00e1rio pitoresco do shopping, que se destaca por sua arquitetura acolhedora e atmosfera charmosa, cercada pelas montanhas de Itaipava.<\/p>\n\n\n\n<p>\u201cA nossa ideia \u00e9 reunir o melhor em um lugar que \u00e9 especial no shopping, a Pra\u00e7a do Sol. Vai ter muita promo\u00e7\u00e3o, n\u00e3o s\u00f3 de pe\u00e7as de inverno, mas tamb\u00e9m de pe\u00e7as atemporais e que est\u00e3o sempre na moda. Queremos oferecer um fim de semana em que as pessoas possam aproveitar ao m\u00e1ximo, com boas compras, comida de qualidade e atra\u00e7\u00f5es culturais. Tudo isso em um ambiente que valoriza o charme de Itaipava e a proximidade com a natureza\u201d, explica Tiago Corr\u00eaa, administrador do shopping.<\/p>\n\n\n\n<p>O Vilarejo OUT faz parte do \u201cPrimavere-se\u201d, uma extensa programa\u00e7\u00e3o organizada para todo o m\u00eas de setembro. \u201cA nossa agenda est\u00e1 recheada de eventos. Ao longo de todo o m\u00eas n\u00f3s vamos movimentar o nosso shopping com promo\u00e7\u00f5es, moda, desfiles, apresenta\u00e7\u00f5es musicais, conta\u00e7\u00e3o de hist\u00f3rias, e muito mais. E o melhor de tudo \u00e9 que todas as nossas programa\u00e7\u00f5es s\u00e3o gratuitas e o shopping \u00e9 petfriendly, tem estacionamento e \u00f3timas op\u00e7\u00f5es para caf\u00e9 da manh\u00e3, almo\u00e7o, jantar, cervejas e drinks\u201d, disse Tiago.<\/p>\n\n\n\n<p><strong>Arte na esta\u00e7\u00e3o das cores<br><\/strong>E confirmando a tend\u00eancia para as cole\u00e7\u00f5es de Primavera\/Ver\u00e3o 2024, j\u00e1 est\u00e1 rolando no Vilarejo a exposi\u00e7\u00e3o \u201cArte na esta\u00e7\u00e3o das cores\u201d, para celebrar a chegada da primavera. Na Pra\u00e7a da Lua, at\u00e9 o dia 22\/09, a exposi\u00e7\u00e3o representa a primavera, esta\u00e7\u00e3o de renova\u00e7\u00e3o e florescimento, com o tema da explos\u00e3o de cores da esta\u00e7\u00e3o.<\/p>\n\n\n\n<p>As obras s\u00e3o dos alunos do curso de artes da Graph It, que d\u00e1 aulas que v\u00e3o desde desenho e pintura, at\u00e9 computa\u00e7\u00e3o gr\u00e1fica e fotografia digital, com sede no Shopping Vilarejo. E quem comparecer \u00e0 exposi\u00e7\u00e3o, vai ganhar descontos de 50% na primeira mensalidade dos cursos da escola. Basta aparecer com o panfleto da \u201cArte na esta\u00e7\u00e3o das cores\u201d, que o desconto j\u00e1 est\u00e1 garantido.<\/p>\n\n\n\n<p><strong>Servi\u00e7o:<br><\/strong>Dias 14 e 15 de setembro (s\u00e1bado e domingo)<br>A partir das 10h<br>Pra\u00e7a do Sol<\/p>\n\n\n\n<p>Teatro de bonecos<br>Dia 14 de setembro (s\u00e1bado)<br>16h<br>Pra\u00e7a do Sol<\/p>\n\n\n\n<p>Voz e Viol\u00e3o com Caio Farias<br>Dia 15 de setembro (domingo)<br>14h<br>Pra\u00e7a do Sol<\/p>\n\n\n\n<p>Exposi\u00e7\u00e3o \u201cArte na esta\u00e7\u00e3o das cores\u201d<br>De 11 a 22 de setembro<br>Pra\u00e7a da Lua<\/p>\n\n\n\n<p>Shopping Vilarejo<br>Ter\u00e7a a s\u00e1bado, das 10h \u00e0s 19h | Domingo, das 10h \u00e0s 18h<br>Estrada Uni\u00e3o e Ind\u00fastria, 10.035 \u2013 Itaipava<\/p>\n","protected":false},"excerpt":{"rendered":"<p>Evento gratuito acontece neste fim de semana em Itaipava e re\u00fane atra\u00e7\u00f5es para toda a<\/p>\n","protected":false},"author":1,"featured_media":41575,"comment_status":"closed","ping_status":"open","sticky":false,"template":"","format":"standard","meta":{"spay_email":"","footnotes":"","jetpack_publicize_message":""},"categories":[42],"tags":[],"jetpack_featured_media_url":"https:\/\/i0.wp.com\/jornaldeitaipava.com.br\/wp-content\/uploads\/2024\/09\/Liquida-OUT-Shopping-Vilarejo-3.jpeg?fit=1600%2C1200&ssl=1","jetpack_publicize_connections":[],"jetpack_sharing_enabled":true,"jetpack_likes_enabled":true,"jetpack-related-posts":[],"_links":{"self":[{"href":"https:\/\/jornaldeitaipava.com.br\/index.php\/wp-json\/wp\/v2\/posts\/41574"}],"collection":[{"href":"https:\/\/jornaldeitaipava.com.br\/index.php\/wp-json\/wp\/v2\/posts"}],"about":[{"href":"https:\/\/jornaldeitaipava.com.br\/index.php\/wp-json\/wp\/v2\/types\/post"}],"author":[{"embeddable":true,"href":"https:\/\/jornaldeitaipava.com.br\/index.php\/wp-json\/wp\/v2\/users\/1"}],"replies":[{"embeddable":true,"href":"https:\/\/jornaldeitaipava.com.br\/index.php\/wp-json\/wp\/v2\/comments?post=41574"}],"version-history":[{"count":1,"href":"https:\/\/jornaldeitaipava.com.br\/index.php\/wp-json\/wp\/v2\/posts\/41574\/revisions"}],"predecessor-version":[{"id":41576,"href":"https:\/\/jornaldeitaipava.com.br\/index.php\/wp-json\/wp\/v2\/posts\/41574\/revisions\/41576"}],"wp:featuredmedia":[{"embeddable":true,"href":"https:\/\/jornaldeitaipava.com.br\/index.php\/wp-json\/wp\/v2\/media\/41575"}],"wp:attachment":[{"href":"https:\/\/jornaldeitaipava.com.br\/index.php\/wp-json\/wp\/v2\/media?parent=41574"}],"wp:term":[{"taxonomy":"category","embeddable":true,"href":"https:\/\/jornaldeitaipava.com.br\/index.php\/wp-json\/wp\/v2\/categories?post=41574"},{"taxonomy":"post_tag","embeddable":true,"href":"https:\/\/jornaldeitaipava.com.br\/index.php\/wp-json\/wp\/v2\/tags?post=41574"}],"curies":[{"name":"wp","href":"https:\/\/api.w.org\/{rel}","templated":true}]}}