{"id":41577,"date":"2024-09-12T14:14:00","date_gmt":"2024-09-12T17:14:00","guid":{"rendered":"http:\/\/jornaldeitaipava.com.br\/?p=41577"},"modified":"2024-09-12T14:14:06","modified_gmt":"2024-09-12T17:14:06","slug":"cidade-das-hortensias-inicia-operacao-da-linha-350-aos-fins-de-semana","status":"publish","type":"post","link":"https:\/\/jornaldeitaipava.com.br\/index.php\/2024\/09\/12\/cidade-das-hortensias-inicia-operacao-da-linha-350-aos-fins-de-semana\/","title":{"rendered":"Cidade das Hort\u00eansias inicia opera\u00e7\u00e3o da linha 350 aos fins de semana"},"content":{"rendered":"\n<p>A Cidade das Hort\u00eansias est\u00e1 ampliando as possibilidades de atendimento aos passageiros, em Petr\u00f3polis, inserindo a opera\u00e7\u00e3o da linha 350 \u2013 Terminal Corr\u00eaas x Centro (Caldas Viana) tamb\u00e9m aos s\u00e1bados, domingos e feriados. A medida come\u00e7a a valer neste fim de semana, com 15 hor\u00e1rios aos passageiros que realizam este trajeto.<\/p>\n\n\n\n<p>Aos s\u00e1bados, os passageiros contar\u00e3o com os mesmos hor\u00e1rios realizados de segunda a sexta-feira. Pela manh\u00e3, ser\u00e3o sete hor\u00e1rios, sendo o primeiro \u00e0s 5h10, saindo do Terminal Corr\u00eaas e 5h30 saindo do Centro. A partir da tarde, os clientes ter\u00e3o outros cinco hor\u00e1rios. \u00c0 noite, tr\u00eas hor\u00e1rios foram programados, sendo o \u00faltimo, saindo do Terminal Corr\u00eaas \u00e0s 21h40 e do Centro \u00e0s 22h15.<\/p>\n\n\n\n<p>Aos domingos e feriados, os passageiros ter\u00e3o seis hor\u00e1rios pela manh\u00e3, saindo do Terminal Corr\u00eaas \u00e0s 5h20 e com partidas do Centro \u00e0s 5h55. Pela tarde, outros cinco hor\u00e1rios atender\u00e3o os clientes do transporte p\u00fablico. \u00c0 noite, quatro hor\u00e1rios atendem os passageiros, sendo o \u00faltimo \u00e0s 21h40 saindo do Terminal Corr\u00eaas e 22h15 do Centro.<\/p>\n\n\n\n<p>O itiner\u00e1rio da linha permanece o mesmo. No sentido Centro, o \u00f4nibus sai do Terminal Corr\u00eaas, segue em dire\u00e7\u00e3o ao Terminal Itaipava, concluindo a viagem no ponto de \u00f4nibus da Rua Caldas Viana. No sentido Corr\u00eaas, o coletivo sai do ponto localizado no Centro, passando pelo Terminal Itamarati e seguindo em dire\u00e7\u00e3o ao Terminal Corr\u00eaas.<\/p>\n\n\n\n<p><strong>Confira abaixo, o quadro de hor\u00e1rios da linha 350 \u2013 Terminal Corr\u00eaas x Centro (Caldas Viana), aos s\u00e1bados, domingos e feriados:<\/strong><\/p>\n\n\n\n<p>Segunda \u00e0 s\u00e1bado | Sa\u00edda do Terminal Corr\u00eaas:<br>5h10, 5h55, 7h05, 8h15, 9h35, 10h45, 11h55, 13h05, 14h15, 15h25, 16h35, 17h50, 19h10, 20h30 e 21h40.<\/p>\n\n\n\n<p>Segunda \u00e0 s\u00e1bado | Sa\u00edda da Rua Caldas Viana &#8211; Centro:<br>5h30, 6h30, 7h40, 8h55, 10h10, 11h20, 12h30, 13h40, 14h50, 16h, 17h10, 18h30, 19h50, 21h05 e 22h15.<\/p>\n\n\n\n<p>Domingos e Feriados | Sa\u00edda do Terminal Corr\u00eaas:<br>5h20, 6h25, 7h35, 8h45, 9h55, 11h05, 12h15, 13h25, 14h35, 15h45, 16h55, 18h05, 19h15, 20h25 e 21h40.<\/p>\n\n\n\n<p>Domingos e Feriados | Sa\u00edda da Rua Caldas Viana &#8211; Centro:<br>5h55, 7h, 8h10, 9h20, 10h30, 11h40, 12h50, 14h, 15h10, 16h20, 17h30, 18h40, 19h50, 21h e 22h15.<\/p>\n","protected":false},"excerpt":{"rendered":"<p>A Cidade das Hort\u00eansias est\u00e1 ampliando as possibilidades de atendimento aos passageiros, em Petr\u00f3polis, inserindo<\/p>\n","protected":false},"author":1,"featured_media":41578,"comment_status":"closed","ping_status":"open","sticky":false,"template":"","format":"standard","meta":{"spay_email":"","footnotes":"","jetpack_publicize_message":""},"categories":[24],"tags":[],"jetpack_featured_media_url":"https:\/\/i2.wp.com\/jornaldeitaipava.com.br\/wp-content\/uploads\/2024\/09\/WhatsApp-Image-2024-09-12-at-12.56.33.jpeg?fit=720%2C415&ssl=1","jetpack_publicize_connections":[],"jetpack_sharing_enabled":true,"jetpack_likes_enabled":true,"jetpack-related-posts":[],"_links":{"self":[{"href":"https:\/\/jornaldeitaipava.com.br\/index.php\/wp-json\/wp\/v2\/posts\/41577"}],"collection":[{"href":"https:\/\/jornaldeitaipava.com.br\/index.php\/wp-json\/wp\/v2\/posts"}],"about":[{"href":"https:\/\/jornaldeitaipava.com.br\/index.php\/wp-json\/wp\/v2\/types\/post"}],"author":[{"embeddable":true,"href":"https:\/\/jornaldeitaipava.com.br\/index.php\/wp-json\/wp\/v2\/users\/1"}],"replies":[{"embeddable":true,"href":"https:\/\/jornaldeitaipava.com.br\/index.php\/wp-json\/wp\/v2\/comments?post=41577"}],"version-history":[{"count":1,"href":"https:\/\/jornaldeitaipava.com.br\/index.php\/wp-json\/wp\/v2\/posts\/41577\/revisions"}],"predecessor-version":[{"id":41579,"href":"https:\/\/jornaldeitaipava.com.br\/index.php\/wp-json\/wp\/v2\/posts\/41577\/revisions\/41579"}],"wp:featuredmedia":[{"embeddable":true,"href":"https:\/\/jornaldeitaipava.com.br\/index.php\/wp-json\/wp\/v2\/media\/41578"}],"wp:attachment":[{"href":"https:\/\/jornaldeitaipava.com.br\/index.php\/wp-json\/wp\/v2\/media?parent=41577"}],"wp:term":[{"taxonomy":"category","embeddable":true,"href":"https:\/\/jornaldeitaipava.com.br\/index.php\/wp-json\/wp\/v2\/categories?post=41577"},{"taxonomy":"post_tag","embeddable":true,"href":"https:\/\/jornaldeitaipava.com.br\/index.php\/wp-json\/wp\/v2\/tags?post=41577"}],"curies":[{"name":"wp","href":"https:\/\/api.w.org\/{rel}","templated":true}]}}