{"id":41580,"date":"2024-09-12T14:16:23","date_gmt":"2024-09-12T17:16:23","guid":{"rendered":"http:\/\/jornaldeitaipava.com.br\/?p=41580"},"modified":"2024-09-12T14:16:35","modified_gmt":"2024-09-12T17:16:35","slug":"instituto-tjns-apresenta-carta-de-compromisso-para-candidatos-a-prefeitura-de-petropolis","status":"publish","type":"post","link":"https:\/\/jornaldeitaipava.com.br\/index.php\/2024\/09\/12\/instituto-tjns-apresenta-carta-de-compromisso-para-candidatos-a-prefeitura-de-petropolis\/","title":{"rendered":"Instituto TJNS apresenta carta de compromisso para candidatos \u00e0 Prefeitura de Petr\u00f3polis"},"content":{"rendered":"\n<p class=\"has-text-align-center\"><strong>Documento traz diretrizes para serem aplicadas nos planos de governo do pr\u00f3ximo prefeito incluindo o foco nas quest\u00f5es de justi\u00e7a social, ambiental e clim\u00e1tica<\/strong><\/p>\n\n\n\n<p>Na reta final para as elei\u00e7\u00f5es do pr\u00f3ximo prefeito de Petr\u00f3polis, o Instituto TJNS \u2013 Todos Juntos Ningu\u00e9m Sozinho, que encabe\u00e7a movimentos com foco no combate ao racismo ambiental e em prol da justi\u00e7a clim\u00e1tica na Regi\u00e3o Serrana do Rio, lan\u00e7ou uma Carta de Compromisso dirigida aos candidatos, apresentando um conjunto de propostas em conjunto com diversas organiza\u00e7\u00f5es da sociedade civil, indicando a\u00e7\u00f5es essenciais para proteger e melhorar a qualidade de vida dos petropolitanos.<\/p>\n\n\n\n<p>Com quest\u00f5es voltadas para a justi\u00e7a social, ambiental e clim\u00e1tica, o documento exp\u00f5e a necessidade de medidas urgentes, para que os n\u00fameros de pessoas impactadas por trag\u00e9dias, como em 2022, possam ser reduzidos e a seguran\u00e7a das fam\u00edlias seja o principal objetivo. \u201cN\u00e3o podemos mais esperar. Petr\u00f3polis precisa de l\u00edderes que compreendam a gravidade dos desafios que enfrentamos e que estejam dispostos a agir com coragem e responsabilidade. As propostas que apresentamos s\u00e3o fruto de um trabalho conjunto com a comunidade e especialistas, e visam garantir n\u00e3o apenas a seguran\u00e7a e resili\u00eancia de nossa cidade, mas tamb\u00e9m promover uma justi\u00e7a social verdadeira, onde ningu\u00e9m \u00e9 deixado para tr\u00e1s\u201d, destaca Pamela M\u00e9rcia, presidente do Instituto TJNS.<\/p>\n\n\n\n<p>Entre as a\u00e7\u00f5es est\u00e3o programas espec\u00edficos para a inser\u00e7\u00e3o das v\u00edtimas de trag\u00e9dias clim\u00e1ticas no mercado de trabalho, especialmente mulheres chefes de fam\u00edlia, acesso facilitado a creches e escolas em tempo integral, e a cria\u00e7\u00e3o de um programa de renda b\u00e1sica de emerg\u00eancia para fam\u00edlias afetadas por desastres. Al\u00e9m disso, o Instituto prop\u00f5e a cria\u00e7\u00e3o de uma Secretaria de Meio Ambiente e Mudan\u00e7a do Clima, que ser\u00e1 respons\u00e1vel por desenvolver planos de resili\u00eancia e buscar financiamentos para projetos de adapta\u00e7\u00e3o e seguran\u00e7a.<\/p>\n\n\n\n<p>\u201cFoi uma generosa e importante articula\u00e7\u00e3o do TJNS construir uma carta-compromisso que destaque as quest\u00f5es clim\u00e1ticas, desastres e racismo ambiental na cidade e construa a corre\u00e7\u00e3o e colabora\u00e7\u00e3o com mais organiza\u00e7\u00f5es da sociedade civil. Estes e outros temas est\u00e3o compondo o caderno de pol\u00edticas p\u00fablicas que o CDDH constr\u00f3i com as comunidades e participantes dos projetos. Iniciativas de constru\u00e7\u00e3o coletiva e compromisso pol\u00edtico precisam ser sempre muito valorizadas\u201d, comenta a Coordenadora do Centro de Defesa dos Direitos Humanos (CDDH), Carla de Carvalho.<\/p>\n\n\n\n<p>A carta tamb\u00e9m enfatiza a import\u00e2ncia de fortalecer as redes de apoio psicossocial nas comunidades, de forma a oferecer atendimento psicol\u00f3gico e grupos de apoio para v\u00edtimas de desastres, tendo esta rede como algo permanente, como pol\u00edtica p\u00fablica e n\u00e3o pontualmente a ser estabelecido a partir do momento de necessidade. Para isso, o objetivo \u00e9 ter crit\u00e9rios e metodologia j\u00e1 estabelecida e organizada para atua\u00e7\u00e3o imediata e cont\u00ednua dentro da necessidade de cada pessoa atingida.<\/p>\n\n\n\n<p>\u201cA sa\u00fade mental de pessoas que vivenciam uma situa\u00e7\u00e3o de desastres \u00e9 uma preocupa\u00e7\u00e3o significativa, pois eventos potencialmente traum\u00e1ticos podem causar impactos profundos e duradouros no bem-estar psicol\u00f3gico, como ansiedade, depress\u00e3o e transtorno de estresse p\u00f3s-traum\u00e1tico, que podem comprometer sua capacidade de recupera\u00e7\u00e3o e adapta\u00e7\u00e3o a novas realidades. Fortalecer as redes de apoio psicossocial nas comunidades \u00e9 essencial para mitigar esses efeitos, oferecendo suporte emocional e psicol\u00f3gico, proporcionando um espa\u00e7o seguro para que as v\u00edtimas compartilhem suas experi\u00eancias e encontrem solidariedade. Para que essas redes sejam eficazes, \u00e9 necess\u00e1rio capacitar profissionais, como psic\u00f3logos e assistentes sociais, e integr\u00e1-los aos sistemas de sa\u00fade p\u00fablica e servi\u00e7os de emerg\u00eancia. Al\u00e9m disso, \u00e9 fundamental promover a conscientiza\u00e7\u00e3o sobre a import\u00e2ncia do apoio psicossocial, reduzindo o estigma associado \u00e0 busca por ajuda\u201d, pontua a especialista em emerg\u00eancias e desastres, Ariel Pontes.<\/p>\n\n\n\n<p>O documento ser\u00e1 apresentado aos candidatos Rubens Bomtempo (PSB), Yuri Moura (PSOL), Hingo Hammes (PP), Eduardo do Blog (REPUBLICANOS) e Doutor Santoro (NOVO), para que leiam e assinem a Carta de Compromisso. &#8220;Esperamos que todos os candidatos n\u00e3o apenas assinem, mas se comprometam realmente a tentar implementar algumas dessas propostas. Petr\u00f3polis n\u00e3o pode mais ser palco de trag\u00e9dias evit\u00e1veis. \u00c9 nosso dever garantir um futuro melhor para nossos cidad\u00e3os,&#8221; conclui Pamela M\u00e9rcia.<\/p>\n","protected":false},"excerpt":{"rendered":"<p>Documento traz diretrizes para serem aplicadas nos planos de governo do pr\u00f3ximo prefeito incluindo o<\/p>\n","protected":false},"author":1,"featured_media":11686,"comment_status":"closed","ping_status":"open","sticky":false,"template":"","format":"standard","meta":{"spay_email":"","footnotes":"","jetpack_publicize_message":""},"categories":[2],"tags":[],"jetpack_featured_media_url":"https:\/\/i2.wp.com\/jornaldeitaipava.com.br\/wp-content\/uploads\/2021\/03\/cidade-1.jpg?fit=496%2C334&ssl=1","jetpack_publicize_connections":[],"jetpack_sharing_enabled":true,"jetpack_likes_enabled":true,"jetpack-related-posts":[],"_links":{"self":[{"href":"https:\/\/jornaldeitaipava.com.br\/index.php\/wp-json\/wp\/v2\/posts\/41580"}],"collection":[{"href":"https:\/\/jornaldeitaipava.com.br\/index.php\/wp-json\/wp\/v2\/posts"}],"about":[{"href":"https:\/\/jornaldeitaipava.com.br\/index.php\/wp-json\/wp\/v2\/types\/post"}],"author":[{"embeddable":true,"href":"https:\/\/jornaldeitaipava.com.br\/index.php\/wp-json\/wp\/v2\/users\/1"}],"replies":[{"embeddable":true,"href":"https:\/\/jornaldeitaipava.com.br\/index.php\/wp-json\/wp\/v2\/comments?post=41580"}],"version-history":[{"count":1,"href":"https:\/\/jornaldeitaipava.com.br\/index.php\/wp-json\/wp\/v2\/posts\/41580\/revisions"}],"predecessor-version":[{"id":41581,"href":"https:\/\/jornaldeitaipava.com.br\/index.php\/wp-json\/wp\/v2\/posts\/41580\/revisions\/41581"}],"wp:featuredmedia":[{"embeddable":true,"href":"https:\/\/jornaldeitaipava.com.br\/index.php\/wp-json\/wp\/v2\/media\/11686"}],"wp:attachment":[{"href":"https:\/\/jornaldeitaipava.com.br\/index.php\/wp-json\/wp\/v2\/media?parent=41580"}],"wp:term":[{"taxonomy":"category","embeddable":true,"href":"https:\/\/jornaldeitaipava.com.br\/index.php\/wp-json\/wp\/v2\/categories?post=41580"},{"taxonomy":"post_tag","embeddable":true,"href":"https:\/\/jornaldeitaipava.com.br\/index.php\/wp-json\/wp\/v2\/tags?post=41580"}],"curies":[{"name":"wp","href":"https:\/\/api.w.org\/{rel}","templated":true}]}}