{"id":41582,"date":"2024-09-12T14:17:29","date_gmt":"2024-09-12T17:17:29","guid":{"rendered":"http:\/\/jornaldeitaipava.com.br\/?p=41582"},"modified":"2024-09-12T14:17:34","modified_gmt":"2024-09-12T17:17:34","slug":"acep-e-sehac-iniciam-projeto-piloto-para-atendimento-oncologico-mais-eficaz-em-petropolis","status":"publish","type":"post","link":"https:\/\/jornaldeitaipava.com.br\/index.php\/2024\/09\/12\/acep-e-sehac-iniciam-projeto-piloto-para-atendimento-oncologico-mais-eficaz-em-petropolis\/","title":{"rendered":"ACEP e SEHAC Iniciam Projeto Piloto para Atendimento Oncol\u00f3gico mais eficaz em Petr\u00f3polis"},"content":{"rendered":"\n<p>A ACEP &#8211; Associa\u00e7\u00e3o Comercial e Empresarial de Petr\u00f3polis e o SEHAC &#8211; Servi\u00e7o Social Aut\u00f4nomo Alcides Carneiro deram um importante passo rumo \u00e0 melhoria do atendimento a pacientes oncol\u00f3gicos na regi\u00e3o. Em uma reuni\u00e3o recente, as duas institui\u00e7\u00f5es decidiram iniciar um projeto piloto com o objetivo de proporcionar um atendimento mais eficaz e personalizado para os pacientes que enfrentam o c\u00e2ncer.<\/p>\n\n\n\n<p>Este projeto faz parte da iniciativa mais ampla do Projeto Cidades Inteligentes e visa transformar o atendimento oncol\u00f3gico por meio de um planejamento estrat\u00e9gico e a\u00e7\u00f5es coordenadas. A reuni\u00e3o marcou o in\u00edcio oficial dos trabalhos, durante a qual as institui\u00e7\u00f5es assumiram a responsabilidade de realizar levantamentos detalhados. Esses levantamentos ser\u00e3o essenciais para a elabora\u00e7\u00e3o de um planejamento minucioso que definir\u00e1 os objetivos a serem alcan\u00e7ados, os indicadores de performance e, crucialmente, os parceiros estrat\u00e9gicos necess\u00e1rios para a condu\u00e7\u00e3o do projeto.<\/p>\n\n\n\n<p>A participa\u00e7\u00e3o dos parceiros estrat\u00e9gicos \u00e9 um dos pilares fundamentais deste projeto. Estes parceiros ser\u00e3o selecionados com base em sua expertise e capacidade de contribuir significativamente para o sucesso do projeto. Entre as \u00e1reas em que a colabora\u00e7\u00e3o ser\u00e1 vital est\u00e3o a implementa\u00e7\u00e3o de tecnologias inovadoras, a capacita\u00e7\u00e3o de profissionais da sa\u00fade, a mobiliza\u00e7\u00e3o de recursos financeiros e a promo\u00e7\u00e3o de campanhas de conscientiza\u00e7\u00e3o. A inclus\u00e3o de parceiros estrat\u00e9gicos permitir\u00e1 uma abordagem mais integrada e abrangente, potencializando os resultados e garantindo um atendimento de excel\u00eancia.<\/p>\n\n\n\n<p>O Diretor de Opera\u00e7\u00f5es da ACEP, Alney Antunes, afirmou que \u201ceste processo participativo entre SEHAC e ACEP, certamente ser\u00e1 expandido com a participa\u00e7\u00e3o de entidades detentoras das expertises necess\u00e1rias para a realiza\u00e7\u00e3o deste projeto. N\u00e3o existe Cidades Inteligentes sem o envolvimento de um amplo processo colaborativo\u201d.<\/p>\n\n\n\n<p>O SEHAC e a ACEP acreditam que a combina\u00e7\u00e3o de esfor\u00e7os e recursos com parceiros estrat\u00e9gicos criar\u00e1 um modelo de atendimento que n\u00e3o s\u00f3 atende \u00e0s necessidades atuais dos pacientes oncol\u00f3gicos, mas tamb\u00e9m serve como um exemplo para futuras iniciativas na \u00e1rea da sa\u00fade.<\/p>\n","protected":false},"excerpt":{"rendered":"<p>A ACEP &#8211; Associa\u00e7\u00e3o Comercial e Empresarial de Petr\u00f3polis e o SEHAC &#8211; Servi\u00e7o Social<\/p>\n","protected":false},"author":1,"featured_media":41583,"comment_status":"closed","ping_status":"open","sticky":false,"template":"","format":"standard","meta":{"spay_email":"","footnotes":"","jetpack_publicize_message":""},"categories":[2],"tags":[],"jetpack_featured_media_url":"https:\/\/i0.wp.com\/jornaldeitaipava.com.br\/wp-content\/uploads\/2024\/09\/WhatsApp-Image-2024-09-12-at-12.26.32.jpeg?fit=1600%2C1200&ssl=1","jetpack_publicize_connections":[],"jetpack_sharing_enabled":true,"jetpack_likes_enabled":true,"jetpack-related-posts":[],"_links":{"self":[{"href":"https:\/\/jornaldeitaipava.com.br\/index.php\/wp-json\/wp\/v2\/posts\/41582"}],"collection":[{"href":"https:\/\/jornaldeitaipava.com.br\/index.php\/wp-json\/wp\/v2\/posts"}],"about":[{"href":"https:\/\/jornaldeitaipava.com.br\/index.php\/wp-json\/wp\/v2\/types\/post"}],"author":[{"embeddable":true,"href":"https:\/\/jornaldeitaipava.com.br\/index.php\/wp-json\/wp\/v2\/users\/1"}],"replies":[{"embeddable":true,"href":"https:\/\/jornaldeitaipava.com.br\/index.php\/wp-json\/wp\/v2\/comments?post=41582"}],"version-history":[{"count":1,"href":"https:\/\/jornaldeitaipava.com.br\/index.php\/wp-json\/wp\/v2\/posts\/41582\/revisions"}],"predecessor-version":[{"id":41584,"href":"https:\/\/jornaldeitaipava.com.br\/index.php\/wp-json\/wp\/v2\/posts\/41582\/revisions\/41584"}],"wp:featuredmedia":[{"embeddable":true,"href":"https:\/\/jornaldeitaipava.com.br\/index.php\/wp-json\/wp\/v2\/media\/41583"}],"wp:attachment":[{"href":"https:\/\/jornaldeitaipava.com.br\/index.php\/wp-json\/wp\/v2\/media?parent=41582"}],"wp:term":[{"taxonomy":"category","embeddable":true,"href":"https:\/\/jornaldeitaipava.com.br\/index.php\/wp-json\/wp\/v2\/categories?post=41582"},{"taxonomy":"post_tag","embeddable":true,"href":"https:\/\/jornaldeitaipava.com.br\/index.php\/wp-json\/wp\/v2\/tags?post=41582"}],"curies":[{"name":"wp","href":"https:\/\/api.w.org\/{rel}","templated":true}]}}