{"id":41586,"date":"2024-09-12T14:31:13","date_gmt":"2024-09-12T17:31:13","guid":{"rendered":"http:\/\/jornaldeitaipava.com.br\/?p=41586"},"modified":"2024-09-12T14:31:20","modified_gmt":"2024-09-12T17:31:20","slug":"cineclube-casa-stefan-zweig-mostra-filmes-sobre-anatol-rosenfeld-e-vilem-flusser","status":"publish","type":"post","link":"https:\/\/jornaldeitaipava.com.br\/index.php\/2024\/09\/12\/cineclube-casa-stefan-zweig-mostra-filmes-sobre-anatol-rosenfeld-e-vilem-flusser\/","title":{"rendered":"Cineclube Casa Stefan Zweig mostra filmes sobre Anatol Rosenfeld e Vil\u00e9m Flusser"},"content":{"rendered":"\n<p class=\"has-text-align-center\"><strong>S\u00e1bado, 14 de setembro de 2024, 17h<\/strong><\/p>\n\n\n\n<p>O tcheco Vil\u00e9m Flusser alcan\u00e7ou fama no mundo inteiro com sua \u201cFilosofia da caixa preta\u201d. O alem\u00e3o Anatol Rosenfeld introduziu o teatro de Brecht no Brasil. Ambos foram apaixonados professores e cr\u00edticos. Influenciaram e marcaram, como poucos, muitas gera\u00e7\u00f5es de intelectuais no Brasil. Ambos eram refugiados da Segunda Guerra Mundial.<br>O Cineclube Casa Stefan Zweig exibe neste s\u00e1bado, 14 de setembro, \u00e0s 17h, os perfis destes dois pensadores com acessibilidade em libras. Os filmes fazem parte da s\u00e9rie Canto dos Exilados, com 30 trajet\u00f3rias de exilados que deixaram um importante legado para o Brasil. O evento contar\u00e1 com a presen\u00e7a do diretor, Leonardo Dourado, e (via zoom) da diretora da Casa Guilherme de Almeida em S\u00e3o Paulo, Simone Homem de Mello.<br>Os filmes e o debate sobre a import\u00e2ncia da contribui\u00e7\u00e3o dos refugiados da Segunda Guerra Mundial s\u00e3o uma homenagem ao jornalista Alberto Dines (1934-2018), fundador da CSZ e apresentador da s\u00e9rie Canto dos Exilados. Ser\u00e1 lembrado ainda, com um curto perfil, o fot\u00f3grafo alem\u00e3o Hans G\u00fcnter Flieg, que registrou em incont\u00e1veis cliques a transforma\u00e7\u00e3o da ainda provinciana S\u00e3o Paulo em uma metr\u00f3pole industrial. Flieg morreu no \u00faltimo dia 4 de setembro aos 101 anos de idade.<br>A programa\u00e7\u00e3o do projeto Cineclube Casa Stefan Zweig \u00e9 uma realiza\u00e7\u00e3o do Governo Federal, Minist\u00e9rio da Cultura, Governo do Estado do Rio de Janeiro, Secretaria de Estado de Cultura e Economia Criativa do Rio de Janeiro e tem o apoio da Prefeitura de Petr\u00f3polis e Instituto Municipal de Cultura, atrav\u00e9s da Lei Paulo Gustavo.<br>A CASA STEFAN ZWEIG \u00e9 uma entidade cultural de direito privado, sem fins lucrativos, que homenageia a mem\u00f3ria do escritor austr\u00edaco naquela que foi sua \u00faltima morada. \u00c9 tamb\u00e9m um Memorial do Ex\u00edlio destinado a divulgar as obras de outros artistas, intelectuais e cientistas que se refugiaram no Brasil durante no per\u00edodo 1933-1945 e que contribu\u00edram para a cultura, as artes e a ci\u00eancia do pa\u00eds. Fiel ao ide\u00e1rio de Zweig, \u00e9 um centro de refer\u00eancia em defesa da paz, do humanismo e da democracia e esteve entre as finalistas do Pr\u00eamio Simon Wiesenthal 2023, criado pelo Parlamento austr\u00edaco.<\/p>\n\n\n\n<p><strong>Servi\u00e7o:<br><\/strong>Cineclube CSZ \u2013 mostra \u201cCANTO DOS EXILADOS\u201d epis\u00f3dio \u201cPensadores\u2019<br>com a presen\u00e7a de Leonardo Dourado e Simone Homem de Mello<br>S\u00e1bado, 149\/2024, 17h<br>Rua Gon\u00e7alves Dias, 34, Valparaiso (pr\u00f3ximo \u00e0s Duas Pontes)<br>Entrada franca<\/p>\n","protected":false},"excerpt":{"rendered":"<p>S\u00e1bado, 14 de setembro de 2024, 17h O tcheco Vil\u00e9m Flusser alcan\u00e7ou fama no mundo<\/p>\n","protected":false},"author":1,"featured_media":33608,"comment_status":"closed","ping_status":"open","sticky":false,"template":"","format":"standard","meta":{"spay_email":"","footnotes":"","jetpack_publicize_message":""},"categories":[1],"tags":[],"jetpack_featured_media_url":"https:\/\/i1.wp.com\/jornaldeitaipava.com.br\/wp-content\/uploads\/2023\/03\/STEFAN-ZWEIG.jpg?fit=1200%2C803&ssl=1","jetpack_publicize_connections":[],"jetpack_sharing_enabled":true,"jetpack_likes_enabled":true,"jetpack-related-posts":[],"_links":{"self":[{"href":"https:\/\/jornaldeitaipava.com.br\/index.php\/wp-json\/wp\/v2\/posts\/41586"}],"collection":[{"href":"https:\/\/jornaldeitaipava.com.br\/index.php\/wp-json\/wp\/v2\/posts"}],"about":[{"href":"https:\/\/jornaldeitaipava.com.br\/index.php\/wp-json\/wp\/v2\/types\/post"}],"author":[{"embeddable":true,"href":"https:\/\/jornaldeitaipava.com.br\/index.php\/wp-json\/wp\/v2\/users\/1"}],"replies":[{"embeddable":true,"href":"https:\/\/jornaldeitaipava.com.br\/index.php\/wp-json\/wp\/v2\/comments?post=41586"}],"version-history":[{"count":1,"href":"https:\/\/jornaldeitaipava.com.br\/index.php\/wp-json\/wp\/v2\/posts\/41586\/revisions"}],"predecessor-version":[{"id":41587,"href":"https:\/\/jornaldeitaipava.com.br\/index.php\/wp-json\/wp\/v2\/posts\/41586\/revisions\/41587"}],"wp:featuredmedia":[{"embeddable":true,"href":"https:\/\/jornaldeitaipava.com.br\/index.php\/wp-json\/wp\/v2\/media\/33608"}],"wp:attachment":[{"href":"https:\/\/jornaldeitaipava.com.br\/index.php\/wp-json\/wp\/v2\/media?parent=41586"}],"wp:term":[{"taxonomy":"category","embeddable":true,"href":"https:\/\/jornaldeitaipava.com.br\/index.php\/wp-json\/wp\/v2\/categories?post=41586"},{"taxonomy":"post_tag","embeddable":true,"href":"https:\/\/jornaldeitaipava.com.br\/index.php\/wp-json\/wp\/v2\/tags?post=41586"}],"curies":[{"name":"wp","href":"https:\/\/api.w.org\/{rel}","templated":true}]}}