{"id":41591,"date":"2024-09-12T15:04:56","date_gmt":"2024-09-12T18:04:56","guid":{"rendered":"http:\/\/jornaldeitaipava.com.br\/?p=41591"},"modified":"2024-09-12T15:05:03","modified_gmt":"2024-09-12T18:05:03","slug":"varejo-ja-aposta-na-moda-primavera-verao-2024-e-vitrines-estampam-a-nova-estacao","status":"publish","type":"post","link":"https:\/\/jornaldeitaipava.com.br\/index.php\/2024\/09\/12\/varejo-ja-aposta-na-moda-primavera-verao-2024-e-vitrines-estampam-a-nova-estacao\/","title":{"rendered":"Varejo j\u00e1 aposta na moda primavera-ver\u00e3o 2024 e vitrines estampam a nova esta\u00e7\u00e3o"},"content":{"rendered":"\n<p class=\"has-text-align-center\"><strong>CDL Petr\u00f3polis indica investimento dos lojistas em e-commerce<\/strong><\/p>\n\n\n\n<p>Com a temperatura em alta j\u00e1 em pleno inverno, o setor de moda de Petr\u00f3polis est\u00e1 otimista para a temporada primavera-ver\u00e3o 2024. A nova esta\u00e7\u00e3o s\u00f3 inicia no dia 22, mas o finalzinho de inverno ser\u00e1 marcado por um clima mais quente, com pouca chuva e, \u00e9 claro, com a mudan\u00e7a de guarda-roupa. As vitrines da cidade j\u00e1 exibem as novas cole\u00e7\u00f5es, trazendo tend\u00eancias como estampas vibrantes e a reinven\u00e7\u00e3o do jeans, que prometem conquistar os consumidores. O mercado de cal\u00e7ados e acess\u00f3rios tamb\u00e9m acompanha essas novidades, refletindo o dinamismo do setor. Para a C\u00e2mara de Dirigentes Lojistas de Petr\u00f3polis, a \u00e9poca \u00e9 de renova\u00e7\u00e3o, n\u00e3o apenas das vitrines, mas da forma de fazer neg\u00f3cios com os empreendedores atentos para o crescimento do e-commerce, sobretudo na \u00e1rea de moda.<\/p>\n\n\n\n<p>A previs\u00e3o \u00e9 de crescimento de 2% a 4% de vendas do setor de moda no pa\u00eds em rela\u00e7\u00e3o a 2023 que fechou com 6,5 bilh\u00f5es de pe\u00e7as comercializadas segundo estimativa do Servi\u00e7o Brasileiro de Apoio \u00e0s Micro e Pequenas Empresas (Sebrae). \u201cA moda outono inverno tem um peso grande nesta conta, principalmente em Petr\u00f3polis que experimenta sua alta temporada de turismo, mas a primavera-ver\u00e3o, come\u00e7ando mais cedo e se estendendo at\u00e9 o final das f\u00e9rias e englobando ainda as festas de final de ano, \u00e9 promissora\u201d, afirma o presidente da C\u00e2mara de Dirigentes Lojistas de Petr\u00f3polis, Cl\u00e1udio Mohammad.<\/p>\n\n\n\n<p>A troca de vitrines j\u00e1 mobilizou o com\u00e9rcio local e al\u00e9m do vestu\u00e1rio, lojas de acess\u00f3rio, \u00f3ticas, lojas de decora\u00e7\u00e3o e artigos do lar tamb\u00e9m se renovam para receber a nova temporada, acompanhando o movimento crescente nas ruas de Petr\u00f3polis, incluindo os distritos. \u201cBares e restaurantes tamb\u00e9m trocam card\u00e1pios, estendem funcionamento, investem em novidades e promo\u00e7\u00e3o. Esse fluxo que atinge boa parte da cadeia produtiva vem em \u201conda\u201d que vai contagiando e ampliando. \u00c9 preciso estar antenado \u00e0s tend\u00eancias, otimista com bom movimento e preparado para atender com qualidade\u201d, ensina o presidente da CDL Petr\u00f3polis.<\/p>\n\n\n\n<p>Mohammad tamb\u00e9m ressalta o impacto na economia local. &#8220;Petr\u00f3polis \u00e9 um polo de com\u00e9rcio com lojas espalhadas por toda a cidade e seus distritos, o que cria uma experi\u00eancia de compra diversificada. H\u00e1 os polos de moda espec\u00edficos como a Rua Teresa e o Bingen, por\u00e9m \u00e9 verificado \u201credutos\u201d de segmentos como a decora\u00e7\u00e3o em Itaipava, antiguidades em Secret\u00e1rio, artesanato em v\u00e1rios pontos, tornando o varejo uma experi\u00eancia diferente em Petr\u00f3polis\u201d, afirma o lojista e l\u00edder empresarial.<\/p>\n\n\n\n<p>Lojista deve investir em e-commerce<\/p>\n\n\n\n<p>O mercado de vestu\u00e1rio no Brasil tem mostrado uma transforma\u00e7\u00e3o significativa nos \u00faltimos anos, especialmente com o crescimento do e-commerce. Embora o varejo f\u00edsico ainda domine as vendas, representando 92% do montante em 2022 com R$ 244,7 bilh\u00f5es movimentados, o com\u00e9rcio online atingiu a marca de R$ 21 bilh\u00f5es, o que corresponde a 8% do faturamento total, segundo estudo do IEMI- Intelig\u00eancia de Mercado, empresa especializada em pesquisa do setor t\u00eaxtil.<\/p>\n\n\n\n<p>Essa mudan\u00e7a nos h\u00e1bitos de consumo aponta uma necessidade urgente para que os lojistas invistam em plataformas de e-commerce, garantindo uma experi\u00eancia de compra fluida e atrativa para o consumidor digital. O crescimento nominal de 19% no faturamento de vestu\u00e1rio entre 2017 e 2022 refor\u00e7a o potencial desse setor, mas tamb\u00e9m exp\u00f5e a diminui\u00e7\u00e3o do volume de pe\u00e7as vendidas, o que exige uma estrat\u00e9gia mais focada em qualidade e efici\u00eancia.<\/p>\n\n\n\n<p>Cl\u00e1udio Mohammad, presidente da C\u00e2mara de Dirigentes Lojistas de Petr\u00f3polis, alerta que o varejista que ainda n\u00e3o investiu no com\u00e9rcio digital est\u00e1 perdendo oportunidades. &#8220;O e-commerce, especialmente no setor de moda, n\u00e3o pode ser visto como uma simples op\u00e7\u00e3o, mas sim uma necessidade. A integra\u00e7\u00e3o entre a loja f\u00edsica e o ambiente online \u00e9 crucial para oferecer ao cliente uma experi\u00eancia consistente e aumentar o alcance. Lojistas precisam se concentrar na personaliza\u00e7\u00e3o e na qualidade do servi\u00e7o online para atrair e fidelizar consumidores&#8221;, analisa.<\/p>\n","protected":false},"excerpt":{"rendered":"<p>CDL Petr\u00f3polis indica investimento dos lojistas em e-commerce Com a temperatura em alta j\u00e1 em<\/p>\n","protected":false},"author":1,"featured_media":41592,"comment_status":"closed","ping_status":"open","sticky":false,"template":"","format":"standard","meta":{"spay_email":"","footnotes":"","jetpack_publicize_message":""},"categories":[24],"tags":[],"jetpack_featured_media_url":"https:\/\/i1.wp.com\/jornaldeitaipava.com.br\/wp-content\/uploads\/2024\/09\/Queima-de-inverno-e-Primavera-Verao-3.jpeg?fit=1280%2C960&ssl=1","jetpack_publicize_connections":[],"jetpack_sharing_enabled":true,"jetpack_likes_enabled":true,"jetpack-related-posts":[],"_links":{"self":[{"href":"https:\/\/jornaldeitaipava.com.br\/index.php\/wp-json\/wp\/v2\/posts\/41591"}],"collection":[{"href":"https:\/\/jornaldeitaipava.com.br\/index.php\/wp-json\/wp\/v2\/posts"}],"about":[{"href":"https:\/\/jornaldeitaipava.com.br\/index.php\/wp-json\/wp\/v2\/types\/post"}],"author":[{"embeddable":true,"href":"https:\/\/jornaldeitaipava.com.br\/index.php\/wp-json\/wp\/v2\/users\/1"}],"replies":[{"embeddable":true,"href":"https:\/\/jornaldeitaipava.com.br\/index.php\/wp-json\/wp\/v2\/comments?post=41591"}],"version-history":[{"count":1,"href":"https:\/\/jornaldeitaipava.com.br\/index.php\/wp-json\/wp\/v2\/posts\/41591\/revisions"}],"predecessor-version":[{"id":41593,"href":"https:\/\/jornaldeitaipava.com.br\/index.php\/wp-json\/wp\/v2\/posts\/41591\/revisions\/41593"}],"wp:featuredmedia":[{"embeddable":true,"href":"https:\/\/jornaldeitaipava.com.br\/index.php\/wp-json\/wp\/v2\/media\/41592"}],"wp:attachment":[{"href":"https:\/\/jornaldeitaipava.com.br\/index.php\/wp-json\/wp\/v2\/media?parent=41591"}],"wp:term":[{"taxonomy":"category","embeddable":true,"href":"https:\/\/jornaldeitaipava.com.br\/index.php\/wp-json\/wp\/v2\/categories?post=41591"},{"taxonomy":"post_tag","embeddable":true,"href":"https:\/\/jornaldeitaipava.com.br\/index.php\/wp-json\/wp\/v2\/tags?post=41591"}],"curies":[{"name":"wp","href":"https:\/\/api.w.org\/{rel}","templated":true}]}}