{"id":41594,"date":"2024-09-12T15:10:24","date_gmt":"2024-09-12T18:10:24","guid":{"rendered":"http:\/\/jornaldeitaipava.com.br\/?p=41594"},"modified":"2024-09-12T15:10:36","modified_gmt":"2024-09-12T18:10:36","slug":"oktoberfest-petropolis-retorna-com-novidades-e-programacao-diversificada-para-o-segundo-fim-de-semana","status":"publish","type":"post","link":"https:\/\/jornaldeitaipava.com.br\/index.php\/2024\/09\/12\/oktoberfest-petropolis-retorna-com-novidades-e-programacao-diversificada-para-o-segundo-fim-de-semana\/","title":{"rendered":"Oktoberfest Petr\u00f3polis retorna com novidades e programa\u00e7\u00e3o diversificada para o segundo fim de semana"},"content":{"rendered":"\n<p>Ap\u00f3s atrair cerca de 35 mil pessoas no primeiro fim de semana, a Oktoberfest Petr\u00f3polis retorna ao Parque Municipal Prefeito Paulo Rattes, em Itaipava, de 13 a 15 de setembro com uma s\u00e9rie de novidades. Entre os destaques est\u00e1 o Cont\u00eainer #ToNoRio, uma atra\u00e7\u00e3o que promete agitar o festival com uma programa\u00e7\u00e3o gratuita e variada para toda a fam\u00edlia. Al\u00e9m disso, o evento continuar\u00e1 oferecendo o que h\u00e1 de melhor em gastronomia t\u00edpica, cervejas artesanais, competi\u00e7\u00f5es e muita m\u00fasica ao vivo.<\/p>\n\n\n\n<p>O Cont\u00eainer #ToNoRio traz uma programa\u00e7\u00e3o musical exclusiva. Amanh\u00e3, Manuela Terra se apresenta \u00e0s 20h. Com apenas 19 anos, Manuela \u00e9 uma cantora, atriz e compositora que mistura influ\u00eancias de nomes consagrados como Rita Lee, Bruno Mars e Amy Winehouse. Conhecida por suas vers\u00f5es ac\u00fasticas no TikTok, onde acumula mais de 20 milh\u00f5es de visualiza\u00e7\u00f5es, ela promete encantar o p\u00fablico com suas releituras emocionantes e composi\u00e7\u00f5es autorais inspiradas em suas pr\u00f3prias experi\u00eancias.<\/p>\n\n\n\n<p>No s\u00e1bado, a programa\u00e7\u00e3o do #ToNoRio tem in\u00edcio tamb\u00e9m \u00e0s 16h e conta com o show de Vit\u00f3ria Gabriele \u00e0s 20h. Considerada a nova voz da MPB, Vit\u00f3ria, de 26 anos, traz uma mistura de influ\u00eancias de Elis Regina, C\u00e1ssia Eller, e Djavan, com uma pegada que transita entre o Pop e o MPB. Suas letras profundas e voz marcante prometem conquistar o p\u00fablico. Para fechar o fim de semana, no domingo, o ToNoRio abre mais cedo, \u00e0s 14h, e apresenta o show de Delanno \u00e0s 18h30. O artista, que \u00e9 cantor, guitarrista e compositor, carrega em seu repert\u00f3rio um mix de hits dos anos 80, 90 e 2000, proporcionando um espet\u00e1culo cheio de energia e nostalgia para o p\u00fablico.<\/p>\n\n\n\n<p>\u201cTrazer novidades para a Oktoberfest Petr\u00f3polis \u00e9 essencial para manter o evento atraente e diversificado. A parceria com a Secretaria de Turismo tem sido fundamental para ampliar o alcance e oferecer novas experi\u00eancias, como o Cont\u00eainer #ToNoRio, Queremos proporcionar momentos \u00fanicos para petropolitanos e turistas, mantendo o evento sempre inovador e inclusivo,\u201d destaca Rodrigo Paiva, um dos organizadores da Oktoberfest Petr\u00f3polis.<\/p>\n\n\n\n<p><strong>Novidade para solteiros<br><\/strong>Solteiros tamb\u00e9m ter\u00e3o mais um fim de semana para buscar novas conex\u00f5es na Oktoberfest Petr\u00f3polis, gra\u00e7as ao retorno do 639App, um aplicativo de relacionamentos que une tecnologia \u00e0 astrologia para proporcionar encontros potentes. No primeiro fim de semana do evento, a plataforma uniu mais de 300 casais em potencial, com 304 pessoas encontrando um par e 379 se cadastrando em busca de novas conex\u00f5es. O stand do 639App no Parque de Itaipava se destacou como ponto de encontro, oferecendo brindes, wi-fi gratuito, pontos de carga para celulares e um par de chope para quem encontrou uma conex\u00e3o. Para o segundo fim de semana, quem se cadastrar at\u00e9 as 18h de sexta-feira garante inscri\u00e7\u00e3o gratuita; ap\u00f3s esse hor\u00e1rio, ser\u00e1 cobrada uma taxa de R$ 11.<\/p>\n\n\n\n<p><strong>Programa\u00e7\u00e3o<br><\/strong>A programa\u00e7\u00e3o principal continua a todo o vapor nesse segundo fim de semana. Na sexta-feira, a Banda Germ\u00e2nica abre a noite \u00e0s 19h com o aut\u00eantico som das festas alem\u00e3s, seguida pelo Baile do Zen \u00e0s 21h30. No s\u00e1bado, 14 de setembro, a m\u00fasica come\u00e7a com Spiel und Charm \u00e0s 13h e 14h30, seguida por Larissa Viana \u00e0s 15h e outra apresenta\u00e7\u00e3o da banda \u00e0s 15h40. \u00c0s 18h30, Tribo de Gonzaga leva o melhor do forr\u00f3 ao p\u00fablico, e D\u00e9ia Cassali encerra a noite \u00e0s 21h30. No domingo, 15 de setembro, Spiel und Charm retorna \u00e0s 11h50 e 12h40, seguidos por Os Improv\u00e1veis \u00e0s 14h e mais uma apresenta\u00e7\u00e3o da banda \u00e0s 15h30. River Raid se apresenta \u00e0s 17h, e a dupla Pablo e Bernardo encerra o evento \u00e0s 20h30.<\/p>\n\n\n\n<p>Os Jogos Cervejeiros s\u00e3o um dos pontos altos da Oktoberfest Petr\u00f3polis e prometem trazer muita divers\u00e3o e competi\u00e7\u00e3o saud\u00e1vel ao evento. Realizados no s\u00e1bado \u00e0s 13h30 e no domingo \u00e0s 12h30, os jogos incluem atividades como o tradicional Chope a Metro, que desafia os participantes a beberem um metro de chope no menor tempo poss\u00edvel. Outras sess\u00f5es de Chope a Metro acontecem ao longo dos dois dias, \u00e0s 14h, 16h30 e 21h no s\u00e1bado, e \u00e0s 13h, 16h e 19h no domingo, garantindo momentos de descontra\u00e7\u00e3o e intera\u00e7\u00e3o para os competidores e espectadores. \u00c9 uma oportunidade perfeita para os visitantes testarem suas habilidades e, ao mesmo tempo, apreciarem as cervejas artesanais da regi\u00e3o.<\/p>\n\n\n\n<p>Al\u00e9m da m\u00fasica, dos jogos e das novas conex\u00f5es, o p\u00fablico pode desfrutar de uma variedade de op\u00e7\u00f5es gastron\u00f4micas que v\u00e3o desde pratos t\u00edpicos da culin\u00e1ria alem\u00e3, oferecidos em quiosques como o da Casa do Alem\u00e3o, at\u00e9 petiscos r\u00e1pidos e sobremesas artesanais. As cervejarias locais tamb\u00e9m s\u00e3o um dos grandes atrativos, com a participa\u00e7\u00e3o de diversos r\u00f3tulos e da carreta da Cervejaria Imp\u00e9rio.<\/p>\n\n\n\n<p>Com entrada gratuita e uma estrutura que inclui estacionamento acess\u00edvel, a Oktoberfest Petr\u00f3polis promete um segundo fim de semana de muita divers\u00e3o, cultura e entretenimento para todas as idades. \u201cEstamos muito felizes com a propor\u00e7\u00e3o que o evento ganha a cada ano, trazendo petropolitanos e turistas para o Parque de Itaipava. Nossa expectativa \u00e9 que o pr\u00f3ximo fim de semana seja tamb\u00e9m de muita alegria na Oktoberfest Petr\u00f3polis&#8221;, afirma Renato Duarte, tamb\u00e9m organizador do evento.<\/p>\n\n\n\n<p><strong>Servi\u00e7o<br>Evento: Oktoberfest Petr\u00f3polis<br><\/strong>Data: 6 a 8 e 13 a 15 de setembro<br>Hor\u00e1rio: Sextas, das 16h \u00e0 meia-noite; S\u00e1bados e domingos, das 11h \u00e0 meia-noite<br>Local: Parque Municipal Prefeito Paulo Rattes<br>Endere\u00e7o: Estrada Uni\u00e3o e Ind\u00fastria, 10.000, Itaipava<br>Entrada: Gratuita<br>Estacionamento: R$ 15 motocicleta, R$ 20 carro e R$ 50 van.<br>Acompanhe as novidades do evento no Instagram: @OktoberfestPetropolis.<\/p>\n","protected":false},"excerpt":{"rendered":"<p>Ap\u00f3s atrair cerca de 35 mil pessoas no primeiro fim de semana, a Oktoberfest Petr\u00f3polis<\/p>\n","protected":false},"author":1,"featured_media":41595,"comment_status":"closed","ping_status":"open","sticky":false,"template":"","format":"standard","meta":{"spay_email":"","footnotes":"","jetpack_publicize_message":""},"categories":[42],"tags":[],"jetpack_featured_media_url":"https:\/\/i1.wp.com\/jornaldeitaipava.com.br\/wp-content\/uploads\/2024\/09\/Iza-Amorim-scaled.jpg?fit=2560%2C1707&ssl=1","jetpack_publicize_connections":[],"jetpack_sharing_enabled":true,"jetpack_likes_enabled":true,"jetpack-related-posts":[],"_links":{"self":[{"href":"https:\/\/jornaldeitaipava.com.br\/index.php\/wp-json\/wp\/v2\/posts\/41594"}],"collection":[{"href":"https:\/\/jornaldeitaipava.com.br\/index.php\/wp-json\/wp\/v2\/posts"}],"about":[{"href":"https:\/\/jornaldeitaipava.com.br\/index.php\/wp-json\/wp\/v2\/types\/post"}],"author":[{"embeddable":true,"href":"https:\/\/jornaldeitaipava.com.br\/index.php\/wp-json\/wp\/v2\/users\/1"}],"replies":[{"embeddable":true,"href":"https:\/\/jornaldeitaipava.com.br\/index.php\/wp-json\/wp\/v2\/comments?post=41594"}],"version-history":[{"count":1,"href":"https:\/\/jornaldeitaipava.com.br\/index.php\/wp-json\/wp\/v2\/posts\/41594\/revisions"}],"predecessor-version":[{"id":41596,"href":"https:\/\/jornaldeitaipava.com.br\/index.php\/wp-json\/wp\/v2\/posts\/41594\/revisions\/41596"}],"wp:featuredmedia":[{"embeddable":true,"href":"https:\/\/jornaldeitaipava.com.br\/index.php\/wp-json\/wp\/v2\/media\/41595"}],"wp:attachment":[{"href":"https:\/\/jornaldeitaipava.com.br\/index.php\/wp-json\/wp\/v2\/media?parent=41594"}],"wp:term":[{"taxonomy":"category","embeddable":true,"href":"https:\/\/jornaldeitaipava.com.br\/index.php\/wp-json\/wp\/v2\/categories?post=41594"},{"taxonomy":"post_tag","embeddable":true,"href":"https:\/\/jornaldeitaipava.com.br\/index.php\/wp-json\/wp\/v2\/tags?post=41594"}],"curies":[{"name":"wp","href":"https:\/\/api.w.org\/{rel}","templated":true}]}}