{"id":41597,"date":"2024-09-12T15:16:56","date_gmt":"2024-09-12T18:16:56","guid":{"rendered":"http:\/\/jornaldeitaipava.com.br\/?p=41597"},"modified":"2024-09-12T15:17:05","modified_gmt":"2024-09-12T18:17:05","slug":"estacio-petropolis-realiza-evento-em-comemoracao-ao-dia-do-nutricionista-neste-sabado-14-de-setembro","status":"publish","type":"post","link":"https:\/\/jornaldeitaipava.com.br\/index.php\/2024\/09\/12\/estacio-petropolis-realiza-evento-em-comemoracao-ao-dia-do-nutricionista-neste-sabado-14-de-setembro\/","title":{"rendered":"Est\u00e1cio Petr\u00f3polis realiza evento em comemora\u00e7\u00e3o ao Dia do Nutricionista neste s\u00e1bado, 14 de setembro"},"content":{"rendered":"\n<p>A Est\u00e1cio Petr\u00f3polis promover\u00e1 um encontro especial neste s\u00e1bado, 14 de setembro, das 9h30 \u00e0s 12h30, com diversas atividades voltadas ao debate e aprendizado na \u00e1rea da nutri\u00e7\u00e3o. Aberta ao p\u00fablico e sem necessidade de inscri\u00e7\u00e3o pr\u00e9via, a iniciativa contar\u00e1 celebra o Dia do Nutricionista, comemorado no \u00faltimo dia 31 de agosto.<br>Com foco no protagonismo da nutri\u00e7\u00e3o e no reconhecimento do profissional nutricionista, a atividade reunir\u00e1 especialistas de diversas \u00e1reas, al\u00e9m de alunos do curso de Nutri\u00e7\u00e3o da Est\u00e1cio Petr\u00f3polis. \u201cQueremos destacar o papel da nutri\u00e7\u00e3o como a base do bem-estar e da longevidade, da boa performance f\u00edsica e mental, e dos bons resultados nas \u00e1reas esportiva e na est\u00e9tica. Tudo isso, \u00e9 muito mais, depende diretamente do consumo alimentar e da nutri\u00e7\u00e3o de excel\u00eancia&#8221;, comentou a coordenadora do curso de Nutri\u00e7\u00e3o, Juliana da Rocha Moreira.<br>A programa\u00e7\u00e3o inclui as confer\u00eancias: &#8220;Fome Oculta: O papel do nutricionista frente a este desafio mundial&#8221;, com a farmac\u00eautica e estudante de nutri\u00e7\u00e3o Paula Ribeiro; &#8220;Desenvolvimento e nutri\u00e7\u00e3o de jovens atletas&#8221;, com o m\u00e9dico do esporte e estudante de nutri\u00e7\u00e3o Dr. Ant\u00f4nio Henrique Nunes Ribeiro; e &#8220;Perspectivas atuais para o profissional nutricionista: \u00e1reas de atua\u00e7\u00e3o e remunera\u00e7\u00e3o&#8221;, com a coordenadora do curso de Nutri\u00e7\u00e3o da Est\u00e1cio Petr\u00f3polis, Juliana da Rocha Moreira.<br>Al\u00e9m disso, o evento contar\u00e1 com um debate cr\u00edtico sobre um caso pol\u00eamico na \u00e1rea da nutri\u00e7\u00e3o e uma roda de conversa com perguntas abertas, envolvendo os cursos de Nutri\u00e7\u00e3o, Farm\u00e1cia e a Medicina do Esporte. Participar\u00e3o do debate e roda de conversa o m\u00e9dico do esporte Dr. Antonio Henrique Nunes, os farmac\u00eauticos Pablo Coimbra e Paula Ribeiro, e os nutricionistas Juliana da Rocha Moreira, Juliana Scartoni, Nichole Ramos e Luiz Felipe Leal.<\/p>\n","protected":false},"excerpt":{"rendered":"<p>A Est\u00e1cio Petr\u00f3polis promover\u00e1 um encontro especial neste s\u00e1bado, 14 de setembro, das 9h30 \u00e0s<\/p>\n","protected":false},"author":1,"featured_media":5694,"comment_status":"closed","ping_status":"open","sticky":false,"template":"","format":"standard","meta":{"spay_email":"","footnotes":"","jetpack_publicize_message":""},"categories":[2],"tags":[],"jetpack_featured_media_url":"https:\/\/i0.wp.com\/jornaldeitaipava.com.br\/wp-content\/uploads\/2020\/11\/ESTACIO-1.jpg?fit=937%2C510&ssl=1","jetpack_publicize_connections":[],"jetpack_sharing_enabled":true,"jetpack_likes_enabled":true,"jetpack-related-posts":[],"_links":{"self":[{"href":"https:\/\/jornaldeitaipava.com.br\/index.php\/wp-json\/wp\/v2\/posts\/41597"}],"collection":[{"href":"https:\/\/jornaldeitaipava.com.br\/index.php\/wp-json\/wp\/v2\/posts"}],"about":[{"href":"https:\/\/jornaldeitaipava.com.br\/index.php\/wp-json\/wp\/v2\/types\/post"}],"author":[{"embeddable":true,"href":"https:\/\/jornaldeitaipava.com.br\/index.php\/wp-json\/wp\/v2\/users\/1"}],"replies":[{"embeddable":true,"href":"https:\/\/jornaldeitaipava.com.br\/index.php\/wp-json\/wp\/v2\/comments?post=41597"}],"version-history":[{"count":1,"href":"https:\/\/jornaldeitaipava.com.br\/index.php\/wp-json\/wp\/v2\/posts\/41597\/revisions"}],"predecessor-version":[{"id":41598,"href":"https:\/\/jornaldeitaipava.com.br\/index.php\/wp-json\/wp\/v2\/posts\/41597\/revisions\/41598"}],"wp:featuredmedia":[{"embeddable":true,"href":"https:\/\/jornaldeitaipava.com.br\/index.php\/wp-json\/wp\/v2\/media\/5694"}],"wp:attachment":[{"href":"https:\/\/jornaldeitaipava.com.br\/index.php\/wp-json\/wp\/v2\/media?parent=41597"}],"wp:term":[{"taxonomy":"category","embeddable":true,"href":"https:\/\/jornaldeitaipava.com.br\/index.php\/wp-json\/wp\/v2\/categories?post=41597"},{"taxonomy":"post_tag","embeddable":true,"href":"https:\/\/jornaldeitaipava.com.br\/index.php\/wp-json\/wp\/v2\/tags?post=41597"}],"curies":[{"name":"wp","href":"https:\/\/api.w.org\/{rel}","templated":true}]}}