{"id":42608,"date":"2024-11-05T13:35:39","date_gmt":"2024-11-05T16:35:39","guid":{"rendered":"http:\/\/jornaldeitaipava.com.br\/?p=42608"},"modified":"2024-11-05T13:35:43","modified_gmt":"2024-11-05T16:35:43","slug":"marcacao-cerrada-chega-ao-sesc-quitandinha-em-pre-estreia-com-sessao-extra-gratuita","status":"publish","type":"post","link":"https:\/\/jornaldeitaipava.com.br\/index.php\/2024\/11\/05\/marcacao-cerrada-chega-ao-sesc-quitandinha-em-pre-estreia-com-sessao-extra-gratuita\/","title":{"rendered":"&#8220;Marca\u00e7\u00e3o Cerrada&#8221; chega ao Sesc Quitandinha em pr\u00e9-estreia com sess\u00e3o extra gratuita"},"content":{"rendered":"\n<p>Ap\u00f3s nove meses de empenho e expectativa, o curta-metragem &#8220;Marca\u00e7\u00e3o Cerrada&#8221; far\u00e1 sua aguardada pr\u00e9-estreia no Caf\u00e9 Concerto do Sesc Quitandinha no dia 10 de novembro. A primeira sess\u00e3o, marcada para as 18h, j\u00e1 est\u00e1 esgotada, mas, em resposta \u00e0 alta demanda, foi aberta uma sess\u00e3o extra \u00e0s 19h30. Os ingressos s\u00e3o gratuitos e podem ser retirados na bilheteira do local antecipadamente.<br>Dirigido, roteirizado e escrito pelo cineasta petropolitano Rodolfo Medeiros, o filme foi realizado em loca\u00e7\u00f5es de Petr\u00f3polis e do Rio de Janeiro, destacando pontos da Cidade Imperial como a Catedral S\u00e3o Pedro de Alc\u00e2ntara, Restaurante Maj\u00f3rica e Academia Aer\u00f3bica, al\u00e9m do Est\u00e1dio do Maracan\u00e3, no Rio de Janeiro.<br>\u201cMarca\u00e7\u00e3o Cerrada\u201d conta a hist\u00f3ria de quatro amigos com s\u00edndrome de Down \u2013 Francisco Cortazio, Beatriz Mendez, \u00c9rika Pinheiro e Adriano Nobre \u2013 que, mesmo adultos, enfrentam a superprote\u00e7\u00e3o familiar.<br>Atrav\u00e9s de cenas do cotidiano, o filme revela como os protagonistas, apesar de suas realidades distintas, compartilham semelhan\u00e7as profundas. Essa conex\u00e3o destaca a import\u00e2ncia da autonomia e do direito \u00e0 decis\u00e3o na vida de cada indiv\u00edduo. Deste modo, o filme convida o p\u00fablico a refletir sobre a universalidade da experi\u00eancia humana e a necessidade de respeitar e valorizar as escolhas de todos.<br>Ainda sobre a necessidade de inclus\u00e3o, o diretor Rodolfo Medeiros convidou atores com defici\u00eancia (PcD) para integrar o elenco de apoio, trazendo mais autenticidade \u00e0s situa\u00e7\u00f5es vividas pelos protagonistas. Outra novidade \u00e9 a participa\u00e7\u00e3o especial do ator Nando Cunha, que interpreta o carism\u00e1tico padre.<br>\u201cCom Marca\u00e7\u00e3o Cerrada, quis trazer ao p\u00fablico uma hist\u00f3ria que desafia percep\u00e7\u00f5es e celebra a liberdade de escolha e os la\u00e7os de amizade. Esse filme \u00e9 mais do que um roteiro, \u00e9 um passo significativo para dar voz e visibilidade \u00e0s pessoas com defici\u00eancia E espero que ele inspire o p\u00fablico a refletir sobre inclus\u00e3o e respeito \u00e0 individualidade\u201d, pontua.<br>O curta-metragem \u201cMarca\u00e7\u00e3o Cerrada\u201d foi viabilizado pelo Edital de Produ\u00e7\u00f5es Audiovisuais (Chamada P\u00fablica 02\/2023) da Prefeitura de Petr\u00f3polis, com apoio do Instituto Municipal de Cultura e financiamento federal atrav\u00e9s da Lei Complementar n\u00ba 195\/2022.<br>Os bastidores do curta, trechos de filmagens e o bakstage podem ser conferidos no Instagram: @marcacaocerrada2024.<\/p>\n\n\n\n<p>Elenco<br>Beatriz Mendes , Erika Pinheiro, Francisco Cortazio, Adriano Nobre, Nando Cunha, Tatiane Mesquita, Daniel Pellegrini, Andre Lobo, Randerson Santos, Natan Cardoso, Raquel Theo, Flavia Miranda, Matheus Almeida, Cristopher Raoni, Marcelo Fernandes, Mayara Mello, Jo\u00e3o Pedro, Gabriela Pimparel, Jo\u00e3o Batista, Yuri Balter, Monica Monteiro, Rodrigo Guerra, Bruna Agostinho, Marcela Ferreira, Deivison Ribeiro, Debora Kreischer, Erick Canato, Isabella Marques, Matheus Domingues, Maith\u00ea Mercaldo, Jo\u00e3o Benvindo<\/p>\n\n\n\n<p>Ficha t\u00e9cnica<br>Equipe: Roteiro e Dire\u00e7\u00e3o \u2013 Rodolfo Medeiros<br>Produ\u00e7\u00e3o Executiva \u2013 Lucinere Medeiros e Rodolfo Medeiros<br>Coordena\u00e7\u00e3o de Produ\u00e7\u00e3o \u2013 Tatiana D\u2019Angelo<br>Dire\u00e7\u00e3o de Fotogra\u00adfia \u2013 Hugo Theobald<br>Dire\u00e7\u00e3o de Arte \u2013 Raquel Theo<br>Figurino \u2013 Flavia Miranda<br>Continuista \u2013 Madu Borges<br>Preparadora vocal \u2013 Margareth Castellain<br>Assistente de Dire\u00e7\u00e3o \u2013 Renan Miranda<br>Assistente de Produ\u00e7\u00e3o \u2013 Cristiane Carvalho<br>Plat\u00f4 \u2013 Karine Borges<br>Assistente de Arte \u2013 Manu Terra<br>Assistente de Figurino \u2013 Malu Forster<br>Still \u2013 Mari Marinho<br>C\u00e2meras \u2013 Jean Haubrich e Peter Ribeiro<br>Som direto \u2013 Eduardo Dom\u00eanico<br>Mixagem \u2013 Fabiano Lara de Carvalho<br>Finaliza\u00e7\u00e3o \u2013 Lasca Sound<br>Assessoria de Imprensa \u2013 Marise Sim\u00f5es<br>Art Designers &#8211; Leandro Lebre, Paulo Fernandes, Allan Fonseca<\/p>\n\n\n\n<p>Servi\u00e7o<br>&#8220;Marca\u00e7\u00e3o Cerrada&#8221;<br>Pr\u00e9-estreia do curta-metragem<br>Data: 10 de novembro (domingo)<br>Hor\u00e1rios: 18h (esgotada) e 19h30 (sess\u00e3o extra)<br>Local: Sesc Quitandinha (Avenida Joaquim Rolla, 2 \u2013 Quitandinha)<br>Ingressos: gratuitos (retirada na bilheteria)<\/p>\n","protected":false},"excerpt":{"rendered":"<p>Ap\u00f3s nove meses de empenho e expectativa, o curta-metragem &#8220;Marca\u00e7\u00e3o Cerrada&#8221; far\u00e1 sua aguardada pr\u00e9-estreia<\/p>\n","protected":false},"author":1,"featured_media":42609,"comment_status":"closed","ping_status":"open","sticky":false,"template":"","format":"standard","meta":{"spay_email":"","footnotes":"","jetpack_publicize_message":""},"categories":[1],"tags":[],"jetpack_featured_media_url":"https:\/\/i1.wp.com\/jornaldeitaipava.com.br\/wp-content\/uploads\/2024\/11\/03-Rodolfo-Medeiros-Nando-Cunha-e-atores-de-Marcacao-Cerrada.jpeg?fit=1080%2C1054&ssl=1","jetpack_publicize_connections":[],"jetpack_sharing_enabled":true,"jetpack_likes_enabled":true,"jetpack-related-posts":[],"_links":{"self":[{"href":"https:\/\/jornaldeitaipava.com.br\/index.php\/wp-json\/wp\/v2\/posts\/42608"}],"collection":[{"href":"https:\/\/jornaldeitaipava.com.br\/index.php\/wp-json\/wp\/v2\/posts"}],"about":[{"href":"https:\/\/jornaldeitaipava.com.br\/index.php\/wp-json\/wp\/v2\/types\/post"}],"author":[{"embeddable":true,"href":"https:\/\/jornaldeitaipava.com.br\/index.php\/wp-json\/wp\/v2\/users\/1"}],"replies":[{"embeddable":true,"href":"https:\/\/jornaldeitaipava.com.br\/index.php\/wp-json\/wp\/v2\/comments?post=42608"}],"version-history":[{"count":1,"href":"https:\/\/jornaldeitaipava.com.br\/index.php\/wp-json\/wp\/v2\/posts\/42608\/revisions"}],"predecessor-version":[{"id":42610,"href":"https:\/\/jornaldeitaipava.com.br\/index.php\/wp-json\/wp\/v2\/posts\/42608\/revisions\/42610"}],"wp:featuredmedia":[{"embeddable":true,"href":"https:\/\/jornaldeitaipava.com.br\/index.php\/wp-json\/wp\/v2\/media\/42609"}],"wp:attachment":[{"href":"https:\/\/jornaldeitaipava.com.br\/index.php\/wp-json\/wp\/v2\/media?parent=42608"}],"wp:term":[{"taxonomy":"category","embeddable":true,"href":"https:\/\/jornaldeitaipava.com.br\/index.php\/wp-json\/wp\/v2\/categories?post=42608"},{"taxonomy":"post_tag","embeddable":true,"href":"https:\/\/jornaldeitaipava.com.br\/index.php\/wp-json\/wp\/v2\/tags?post=42608"}],"curies":[{"name":"wp","href":"https:\/\/api.w.org\/{rel}","templated":true}]}}