{"id":42656,"date":"2024-11-06T10:14:18","date_gmt":"2024-11-06T13:14:18","guid":{"rendered":"http:\/\/jornaldeitaipava.com.br\/?p=42656"},"modified":"2024-11-06T10:14:23","modified_gmt":"2024-11-06T13:14:23","slug":"cineclube-da-csz-exibe-o-curta-oya-de-rodrigo-romano-e-o-documentario-toquinho-encontros-e-um-violao","status":"publish","type":"post","link":"https:\/\/jornaldeitaipava.com.br\/index.php\/2024\/11\/06\/cineclube-da-csz-exibe-o-curta-oya-de-rodrigo-romano-e-o-documentario-toquinho-encontros-e-um-violao\/","title":{"rendered":"Cineclube da CSZ exibe o curta OYA de Rodrigo Romano e o document\u00e1rio \u201cToquinho: Encontros e um Viol\u00e3o\u201d."},"content":{"rendered":"\n<p class=\"has-text-align-center\"><strong>S\u00e1bado, 9 de novembro, 17h, com entrada franca e classifica\u00e7\u00e3o livre<\/strong><\/p>\n\n\n\n<p>O Cineclube CSZ exibe neste s\u00e1bado \u00e0s 17h o document\u00e1rio Toquinho: encontros e um viol\u00e3o (Toquinho, incontri e una chitarra, Brasil\/Italia, 2024) de Erica Bernadini. O filme integra programa\u00e7\u00e3o nacional do Festival de Cinema Italiano no Brasil, promovido pela C\u00e2mara de Com\u00e9rcio Italiana de S\u00e3o Paulo e, em Petr\u00f3polis, pela Casa D\u2019Italia Anita Garibaldi. A sess\u00e3o inclui ainda o curta-metragem Oy\u00e1 &#8211; recortes po\u00e9ticos das montanhas de Petr\u00f3polis (Brasil, 2024) de Rodrigo Romano e com trilha sonora original do maestro Rodrigo D\u2019Avila, e ser\u00e1 seguida de debate com o diretor Rodrigo Romano e a produtora Paula Maracaj\u00e1.<\/p>\n\n\n\n<p><strong>Sobre o filme Oy\u00e1<br><\/strong>Uma viagem sobre as montanhas de Petr\u00f3polis inspirada na m\u00e3e dos ventos e guardi\u00e3 das tempestades, Oy\u00e1 \u00e9 um document\u00e1rio experimental curta-metragem que explora um di\u00e1logo sobre os fen\u00f4menos da natureza sob a \u00f3tica, sonoridades e origens \u00e0 cosmovis\u00e3o africana. O filme, realizado por meio do edital Alan Sask do Fundo Municipal de Cultura, prop\u00f5e um novo olhar sobre as paisagens e a identidade cultural da cidade. Com imagens registradas entre 2017 e 2024, o curta utiliza a t\u00e9cnica de time-lapse para capturar a poesia das montanhas da regi\u00e3o, revelando a conex\u00e3o entre o c\u00e9u e a terra em uma narrativa visual \u00fanica. Com trilha sonora original que mistura ritmos tradicionais do candombl\u00e9 e m\u00fasica cl\u00e1ssica, o filme vai al\u00e9m da contempla\u00e7\u00e3o natural, convidando o p\u00fablico a refletir sobre territ\u00f3rio e identidade cultural. Seu nome \u00e9 ligado a orix\u00e1 Oy\u00e1\/Ians\u00e3 que, segundo a mitologia africana, personifica a for\u00e7a e a beleza indom\u00e1vel da natureza.<\/p>\n\n\n\n<p><strong>Sobre o filme Toquinho: Encontros e um Viol\u00e3o<br><\/strong>O document\u00e1rio Toquinho: encontros e um viol\u00e3o (90 minutos) foi escolhido pela embaixada da It\u00e1lia para compor as comemora\u00e7\u00f5es dos 150 anos da imigra\u00e7\u00e3o italiano no Brasil. \u201cResistindo ao tempo e passando de gera\u00e7\u00e3o em gera\u00e7\u00e3o, as can\u00e7\u00f5es ocupam um lugar importante no cora\u00e7\u00e3o das crian\u00e7as e adultos no Brasil e no mundo. Depoimentos de amigos e parceiros para celebrar os 56 anos de carreira de Antonio Pecci, conhecido artisticamente como Toquinho. Com raras imagens de arquivos de shows, entrevistas, v\u00eddeos na It\u00e1lia e depoimentos de amigos, o document\u00e1rio revivi momentos marcantes da carreira do violonista. As can\u00e7\u00f5es de Toquinho transitam por diferentes d\u00e9cadas e sua trajet\u00f3ria musical \u00e9 um registro da hist\u00f3ria da m\u00fasica popular brasileira com reconhecimento nacional e internacional.<\/p>\n\n\n\n<p><strong>Sobre o projeto<br><\/strong>Desde 2013, o Cineclube Casa Stefan Zweig, exibe filmes inspirados na obra de Stefan Zweig e document\u00e1rios, com sess\u00f5es mensais seguidas de debate com convidados. \u00c9 um espa\u00e7o de trocas e reflex\u00e3o sobre diferentes temas sens\u00edveis \u00e0s comunidades petropolitanas como a cidade, direitos, combate ao racismo e \u00e0 intoler\u00e2ncia, literatura, artes visuais, psican\u00e1lise, m\u00fasica, hist\u00f3ria, sempre com entrada franca.<br>Buscando valorizar a produ\u00e7\u00e3o local e formar plateia de diferentes idades para as sess\u00f5es do nosso cineclube, a programa\u00e7\u00e3o dessa proposta cultural conta com filmes realizados por pessoas que pensam a cidade, sua hist\u00f3ria e a import\u00e2ncia de alguns de seus personagens.<br>A programa\u00e7\u00e3o do projeto Cineclube Casa Stefan Zweig \u00e9 uma realiza\u00e7\u00e3o do Governo Federal, Minist\u00e9rio da Cultura, Governo do Estado do Rio de Janeiro, Secretaria de Estado de Cultura e Economia Criativa do Rio de Janeiro e tem o apoio da Prefeitura de Petr\u00f3polis e Instituto Municipal de Cultura, atrav\u00e9s da Lei Paulo Gustavo.<\/p>\n\n\n\n<p><strong>Servi\u00e7o:<br><\/strong>Cineclube Casa Stefan Zweig \u2013 Oy\u00e1 (Brasil, 2024) e Toquinho: Encontros e um Viol\u00e3o (Brasil\/It\u00e1lia, 2024) seguida debate com os cineastas Rodrigo Romano e Paula Maracaj\u00e1<br>Data: s\u00e1bado, 9\/11<br>Hor\u00e1rio: 17h<br>Local: Casa Stefan Zweig \u2013 Rua Gon\u00e7alves Dias, 34<br>Entrada franca<\/p>\n","protected":false},"excerpt":{"rendered":"<p>S\u00e1bado, 9 de novembro, 17h, com entrada franca e classifica\u00e7\u00e3o livre O Cineclube CSZ exibe<\/p>\n","protected":false},"author":1,"featured_media":42657,"comment_status":"closed","ping_status":"open","sticky":false,"template":"","format":"standard","meta":{"spay_email":"","footnotes":"","jetpack_publicize_message":""},"categories":[1],"tags":[],"jetpack_featured_media_url":"https:\/\/i0.wp.com\/jornaldeitaipava.com.br\/wp-content\/uploads\/2024\/11\/toquinho.jpg?fit=299%2C208&ssl=1","jetpack_publicize_connections":[],"jetpack_sharing_enabled":true,"jetpack_likes_enabled":true,"jetpack-related-posts":[],"_links":{"self":[{"href":"https:\/\/jornaldeitaipava.com.br\/index.php\/wp-json\/wp\/v2\/posts\/42656"}],"collection":[{"href":"https:\/\/jornaldeitaipava.com.br\/index.php\/wp-json\/wp\/v2\/posts"}],"about":[{"href":"https:\/\/jornaldeitaipava.com.br\/index.php\/wp-json\/wp\/v2\/types\/post"}],"author":[{"embeddable":true,"href":"https:\/\/jornaldeitaipava.com.br\/index.php\/wp-json\/wp\/v2\/users\/1"}],"replies":[{"embeddable":true,"href":"https:\/\/jornaldeitaipava.com.br\/index.php\/wp-json\/wp\/v2\/comments?post=42656"}],"version-history":[{"count":1,"href":"https:\/\/jornaldeitaipava.com.br\/index.php\/wp-json\/wp\/v2\/posts\/42656\/revisions"}],"predecessor-version":[{"id":42658,"href":"https:\/\/jornaldeitaipava.com.br\/index.php\/wp-json\/wp\/v2\/posts\/42656\/revisions\/42658"}],"wp:featuredmedia":[{"embeddable":true,"href":"https:\/\/jornaldeitaipava.com.br\/index.php\/wp-json\/wp\/v2\/media\/42657"}],"wp:attachment":[{"href":"https:\/\/jornaldeitaipava.com.br\/index.php\/wp-json\/wp\/v2\/media?parent=42656"}],"wp:term":[{"taxonomy":"category","embeddable":true,"href":"https:\/\/jornaldeitaipava.com.br\/index.php\/wp-json\/wp\/v2\/categories?post=42656"},{"taxonomy":"post_tag","embeddable":true,"href":"https:\/\/jornaldeitaipava.com.br\/index.php\/wp-json\/wp\/v2\/tags?post=42656"}],"curies":[{"name":"wp","href":"https:\/\/api.w.org\/{rel}","templated":true}]}}