{"id":42659,"date":"2024-11-06T10:16:53","date_gmt":"2024-11-06T13:16:53","guid":{"rendered":"http:\/\/jornaldeitaipava.com.br\/?p=42659"},"modified":"2024-11-06T10:16:56","modified_gmt":"2024-11-06T13:16:56","slug":"evento-leva-ao-publico-de-petropolis-uma-selecao-de-32-filmes-italianos-com-sessoes-em-diversos-espacos-culturais","status":"publish","type":"post","link":"https:\/\/jornaldeitaipava.com.br\/index.php\/2024\/11\/06\/evento-leva-ao-publico-de-petropolis-uma-selecao-de-32-filmes-italianos-com-sessoes-em-diversos-espacos-culturais\/","title":{"rendered":"Evento leva ao p\u00fablico de Petr\u00f3polis uma sele\u00e7\u00e3o de 32 filmes italianos, com sess\u00f5es em diversos espa\u00e7os culturais"},"content":{"rendered":"\n<p>A Casa D&#8217;It\u00e1lia Anita Garibaldi realiza a terceira edi\u00e7\u00e3o do Festival de Cinema Italiano em Petr\u00f3polis, que integra a 19\u00aa edi\u00e7\u00e3o do evento em \u00e2mbito nacional. Com in\u00edcio em 7 de novembro e t\u00e9rmino em 8 de dezembro, o festival promover\u00e1 sess\u00f5es gratuitas em v\u00e1rias localidades do Brasil, exibindo uma sele\u00e7\u00e3o de 32 filmes, dos quais 18 s\u00e3o in\u00e9ditos no pa\u00eds e concorrem ao pr\u00eamio do evento.<\/p>\n\n\n\n<p>Em Petr\u00f3polis, o p\u00fablico poder\u00e1 assistir \u00e0s produ\u00e7\u00f5es italianas na Sala Humberto Mauro do Centro de Cultura Raul de Leoni, no Cineclube da Casa Stefan Zweig e no Cineclube Raul Lopes (online). A novidade deste ano \u00e9 a inclus\u00e3o da Cin\u00e9math\u00e8que Caracol, rec\u00e9m-inaugurada na Avenida Ipiranga, como mais um ponto de exibi\u00e7\u00e3o.<\/p>\n\n\n\n<p><strong>Sobre o Festival<br><\/strong>Fundado por Nico Rossini e Erica Bernardini, com apoio da C\u00e2mara Italiana de Com\u00e9rcio de S\u00e3o Paulo (ITALCAM), o Festival de Cinema Italiano no Brasil teve sua primeira edi\u00e7\u00e3o em 2005, como Semana de Cinema Italiano Contempor\u00e2neo. Desde ent\u00e3o, o evento cresceu, consolidando-se como uma importante plataforma para a exibi\u00e7\u00e3o e promo\u00e7\u00e3o da cinematografia italiana no Brasil.<br>Com o objetivo de aproximar o p\u00fablico brasileiro das obras italianas, o festival facilita o acesso a filmes que, muitas vezes, n\u00e3o chegam ao circuito comercial. Al\u00e9m disso, busca incentivar o interc\u00e2mbio cultural e a coopera\u00e7\u00e3o entre profissionais do cinema dos dois pa\u00edses, promovendo a distribui\u00e7\u00e3o de filmes e o desenvolvimento de coprodu\u00e7\u00f5es.<br>O Festival de Cinema Italiano no Brasil \u00e9 organizado pela C\u00e2mara Italiana de Com\u00e9rcio de S\u00e3o Paulo, enquanto a realiza\u00e7\u00e3o em Petr\u00f3polis conta com a CIAG \u2013 Casa D\u2019Italia Anita Garibaldi, o Cineclube Raul Lopes e apoio da Prefeitura Municipal de Petr\u00f3polis. Para mais informa\u00e7\u00f5es sobre a programa\u00e7\u00e3o e os filmes, acesse: <a href=\"https:\/\/festivalcinemaitaliano.com\/\" target=\"_blank\" rel=\"noreferrer noopener\">festivalcinemaitaliano.com<\/a>.<\/p>\n\n\n\n<p><strong>Programa\u00e7\u00e3o e salas<\/strong><\/p>\n\n\n\n<p><strong>SALA HUMBERTO MAURO<\/strong><\/p>\n\n\n\n<ul>\n<li>07\/11, 19h \u2013 Un Mondo a Parte (Um Mundo \u00e0 Parte, Riccardo Milani, It\u00e1lia, 2024)<\/li>\n\n\n\n<li>13\/11, 19h \u2013 Il Piccolo Diavolo (O Pequeno Diabo, Roberto Benigni, It\u00e1lia, 1988)<\/li>\n\n\n\n<li>21\/11, 19h \u2013 Lo Sceicco Bianco (Abismo de um Sonho, Federico Fellini, It\u00e1lia, 1952)<\/li>\n\n\n\n<li>27\/11, 19h \u2013 E Se Mio Padre (E Se o Meu Pai, It\u00e1lia, 2024)<\/li>\n\n\n\n<li>29\/11, 19h \u2013 \u2026Altrimenti Ci Arrabbiamo! (A Dupla Explosiva, It\u00e1lia, 1974)<\/li>\n\n\n\n<li>05\/12, 19h \u2013 Il Viaggio di Capitan Fracassa (A Viagem do Capit\u00e3o Tornado, Ettore Scola, It\u00e1lia, 1990)<\/li>\n\n\n\n<li>06\/12 \u2013 Un Altro Ferragosto (Mais Um Ver\u00e3o em Fam\u00edlia, Paolo Virzi, It\u00e1lia, 2024)<\/li>\n<\/ul>\n\n\n\n<p><strong>CINECLUBE RAUL LOPES \u2013 ONLINE<\/strong><\/p>\n\n\n\n<ul>\n<li>10\/11, 19h \u2013 Guardas e Ladr\u00f5es \u2013 Monicelli e Steno com Tot\u00f2<\/li>\n\n\n\n<li>17\/11, 19h \u2013 O Penitente<\/li>\n\n\n\n<li>22\/11, 19h &#8211; O Ouro de N\u00e1poles<\/li>\n\n\n\n<li>24\/11, 19h \u2013 Parece Bastante Paris<\/li>\n\n\n\n<li>29\/11, 19h \u2013 O Comum Sentido do Pudor<\/li>\n\n\n\n<li>01\/12, 19h \u2013 N\u00e1poles Milion\u00e1ria<\/li>\n<\/ul>\n\n\n\n<p><strong>CIN\u00c9MATH\u00c8QUE CARACOL<br><\/strong>Consulte o Instagram para mais informa\u00e7\u00f5es: https:\/\/www.instagram.com\/caracol.petropolis\/<\/p>\n","protected":false},"excerpt":{"rendered":"<p>A Casa D&#8217;It\u00e1lia Anita Garibaldi realiza a terceira edi\u00e7\u00e3o do Festival de Cinema Italiano em<\/p>\n","protected":false},"author":1,"featured_media":42660,"comment_status":"closed","ping_status":"open","sticky":false,"template":"","format":"standard","meta":{"spay_email":"","footnotes":"","jetpack_publicize_message":""},"categories":[1],"tags":[],"jetpack_featured_media_url":"https:\/\/i0.wp.com\/jornaldeitaipava.com.br\/wp-content\/uploads\/2024\/11\/Sem-titulo-1.jpg?fit=312%2C228&ssl=1","jetpack_publicize_connections":[],"jetpack_sharing_enabled":true,"jetpack_likes_enabled":true,"jetpack-related-posts":[],"_links":{"self":[{"href":"https:\/\/jornaldeitaipava.com.br\/index.php\/wp-json\/wp\/v2\/posts\/42659"}],"collection":[{"href":"https:\/\/jornaldeitaipava.com.br\/index.php\/wp-json\/wp\/v2\/posts"}],"about":[{"href":"https:\/\/jornaldeitaipava.com.br\/index.php\/wp-json\/wp\/v2\/types\/post"}],"author":[{"embeddable":true,"href":"https:\/\/jornaldeitaipava.com.br\/index.php\/wp-json\/wp\/v2\/users\/1"}],"replies":[{"embeddable":true,"href":"https:\/\/jornaldeitaipava.com.br\/index.php\/wp-json\/wp\/v2\/comments?post=42659"}],"version-history":[{"count":1,"href":"https:\/\/jornaldeitaipava.com.br\/index.php\/wp-json\/wp\/v2\/posts\/42659\/revisions"}],"predecessor-version":[{"id":42661,"href":"https:\/\/jornaldeitaipava.com.br\/index.php\/wp-json\/wp\/v2\/posts\/42659\/revisions\/42661"}],"wp:featuredmedia":[{"embeddable":true,"href":"https:\/\/jornaldeitaipava.com.br\/index.php\/wp-json\/wp\/v2\/media\/42660"}],"wp:attachment":[{"href":"https:\/\/jornaldeitaipava.com.br\/index.php\/wp-json\/wp\/v2\/media?parent=42659"}],"wp:term":[{"taxonomy":"category","embeddable":true,"href":"https:\/\/jornaldeitaipava.com.br\/index.php\/wp-json\/wp\/v2\/categories?post=42659"},{"taxonomy":"post_tag","embeddable":true,"href":"https:\/\/jornaldeitaipava.com.br\/index.php\/wp-json\/wp\/v2\/tags?post=42659"}],"curies":[{"name":"wp","href":"https:\/\/api.w.org\/{rel}","templated":true}]}}