{"id":42662,"date":"2024-11-06T10:19:17","date_gmt":"2024-11-06T13:19:17","guid":{"rendered":"http:\/\/jornaldeitaipava.com.br\/?p=42662"},"modified":"2024-11-06T10:19:41","modified_gmt":"2024-11-06T13:19:41","slug":"prefeitura-apresenta-plano-de-contingencia-para-o-verao-2024-2025","status":"publish","type":"post","link":"https:\/\/jornaldeitaipava.com.br\/index.php\/2024\/11\/06\/prefeitura-apresenta-plano-de-contingencia-para-o-verao-2024-2025\/","title":{"rendered":"Prefeitura apresenta Plano de Conting\u00eancia para o Ver\u00e3o 2024-2025"},"content":{"rendered":"\n<p class=\"has-text-align-center\"><strong>Plano define a\u00e7\u00f5es de resposta integradas para o per\u00edodo de chuvas intensas<\/strong><\/p>\n\n\n\n<p>A Prefeitura de Petr\u00f3polis, por meio da Secretaria de Prote\u00e7\u00e3o e Defesa Civil, apresentou o Plano de Conting\u00eancia para o Ver\u00e3o 2024-2025, com foco na resposta e prepara\u00e7\u00e3o para as fortes chuvas. Com o apoio de 52 \u00f3rg\u00e3os, o plano visa coordenar esfor\u00e7os para enfrentar eventos t\u00edpicos do per\u00edodo, como deslizamentos, inunda\u00e7\u00f5es, queda de blocos rochosos, alagamentos, ventos fortes e tempestades.<\/p>\n\n\n\n<p>\u201c<em>O trabalho em equipe e a integra\u00e7\u00e3o entre os \u00f3rg\u00e3os s\u00e3o fundamentais para garantir a seguran\u00e7a da nossa popula\u00e7\u00e3o durante o ver\u00e3o. Em dois anos e meio, nossa gest\u00e3o n\u00e3o mediu esfor\u00e7os para estruturar a Defesa Civil, sempre priorizando a seguran\u00e7a e o cuidado com as pessoas. Este plano reafirma nosso compromisso de proteger cada petropolitano, agindo de forma preventiva para enfrentar as adversidades naturais que podem surgir,\u201d<\/em> disse o prefeito Rubens Bomtempo.<\/p>\n\n\n\n<p><strong>Inova\u00e7\u00f5es e equipamentos refor\u00e7am a seguran\u00e7a<br><\/strong>Atualizado anualmente, o plano define as responsabilidades espec\u00edficas de cada \u00f3rg\u00e3o envolvido e destaca avan\u00e7os recentes na preven\u00e7\u00e3o de desastres. Entre as inova\u00e7\u00f5es, destacam-se o aumento da equipe t\u00e9cnica com a contrata\u00e7\u00e3o de meteorologista e hidr\u00f3loga, o lan\u00e7amento da ferramenta \u201cCell Broadcast\u201d para comunica\u00e7\u00e3o em massa, a instala\u00e7\u00e3o de c\u00e2meras de monitoramento dos rios e a previs\u00e3o de aquisi\u00e7\u00e3o de um radar meteorol\u00f3gico para o munic\u00edpio.<\/p>\n\n\n\n<p>\u201c<em>Nosso objetivo \u00e9 reduzir os riscos e garantir que a popula\u00e7\u00e3o esteja informada e pronta para enfrentar qualquer eventualidade. A participa\u00e7\u00e3o da comunidade \u00e9 fundamental\u201d<\/em>, refor\u00e7a o secret\u00e1rio de Defesa Civil, Rodrigo Werner.<\/p>\n\n\n\n<p><strong>Orienta\u00e7\u00f5es<br><\/strong>A Defesa Civil refor\u00e7a a import\u00e2ncia da colabora\u00e7\u00e3o da popula\u00e7\u00e3o. Em casos de chuvas intensas, ao toque das sirenes de alerta, moradores em \u00e1reas de risco devem se dirigir imediatamente ao ponto de apoio mais pr\u00f3ximo. \u201cA seguran\u00e7a de todos depende da nossa colabora\u00e7\u00e3o e aten\u00e7\u00e3o \u00e0s orienta\u00e7\u00f5es. N\u00e3o hesitem em buscar abrigo seguro ao sinal de alerta\u201d, alerta a diretora t\u00e9cnica da Defesa Civil, Eduarda Conde.<\/p>\n\n\n\n<p><strong>Semana Municipal de Redu\u00e7\u00e3o de Risco de Desastre<br><\/strong>O Plano de Conting\u00eancia ser\u00e1 oficialmente apresentado durante a \u201cSemana Municipal de Redu\u00e7\u00e3o de Risco de Desastre\u201d, que ocorrer\u00e1 de 27 a 30 de novembro, com palestras, mesas tem\u00e1ticas e uma simula\u00e7\u00e3o de evacua\u00e7\u00e3o. O plano completo estar\u00e1 dispon\u00edvel no site da Prefeitura (petropolis.rj.gov.br) a partir desta ter\u00e7a-feira, 05 de novembro.<\/p>\n","protected":false},"excerpt":{"rendered":"<p>Plano define a\u00e7\u00f5es de resposta integradas para o per\u00edodo de chuvas intensas A Prefeitura de<\/p>\n","protected":false},"author":1,"featured_media":42663,"comment_status":"closed","ping_status":"open","sticky":false,"template":"","format":"standard","meta":{"spay_email":"","footnotes":"","jetpack_publicize_message":""},"categories":[24],"tags":[],"jetpack_featured_media_url":"https:\/\/i1.wp.com\/jornaldeitaipava.com.br\/wp-content\/uploads\/2024\/11\/WhatsApp-Image-2024-11-05-at-16.30.39.jpeg?fit=1280%2C853&ssl=1","jetpack_publicize_connections":[],"jetpack_sharing_enabled":true,"jetpack_likes_enabled":true,"jetpack-related-posts":[],"_links":{"self":[{"href":"https:\/\/jornaldeitaipava.com.br\/index.php\/wp-json\/wp\/v2\/posts\/42662"}],"collection":[{"href":"https:\/\/jornaldeitaipava.com.br\/index.php\/wp-json\/wp\/v2\/posts"}],"about":[{"href":"https:\/\/jornaldeitaipava.com.br\/index.php\/wp-json\/wp\/v2\/types\/post"}],"author":[{"embeddable":true,"href":"https:\/\/jornaldeitaipava.com.br\/index.php\/wp-json\/wp\/v2\/users\/1"}],"replies":[{"embeddable":true,"href":"https:\/\/jornaldeitaipava.com.br\/index.php\/wp-json\/wp\/v2\/comments?post=42662"}],"version-history":[{"count":1,"href":"https:\/\/jornaldeitaipava.com.br\/index.php\/wp-json\/wp\/v2\/posts\/42662\/revisions"}],"predecessor-version":[{"id":42664,"href":"https:\/\/jornaldeitaipava.com.br\/index.php\/wp-json\/wp\/v2\/posts\/42662\/revisions\/42664"}],"wp:featuredmedia":[{"embeddable":true,"href":"https:\/\/jornaldeitaipava.com.br\/index.php\/wp-json\/wp\/v2\/media\/42663"}],"wp:attachment":[{"href":"https:\/\/jornaldeitaipava.com.br\/index.php\/wp-json\/wp\/v2\/media?parent=42662"}],"wp:term":[{"taxonomy":"category","embeddable":true,"href":"https:\/\/jornaldeitaipava.com.br\/index.php\/wp-json\/wp\/v2\/categories?post=42662"},{"taxonomy":"post_tag","embeddable":true,"href":"https:\/\/jornaldeitaipava.com.br\/index.php\/wp-json\/wp\/v2\/tags?post=42662"}],"curies":[{"name":"wp","href":"https:\/\/api.w.org\/{rel}","templated":true}]}}