{"id":42667,"date":"2024-11-06T10:47:43","date_gmt":"2024-11-06T13:47:43","guid":{"rendered":"http:\/\/jornaldeitaipava.com.br\/?p=42667"},"modified":"2024-11-06T10:47:49","modified_gmt":"2024-11-06T13:47:49","slug":"mprj-pede-na-justica-que-petropolis-regularize-o-transporte-de-alunos-com-deficiencia","status":"publish","type":"post","link":"https:\/\/jornaldeitaipava.com.br\/index.php\/2024\/11\/06\/mprj-pede-na-justica-que-petropolis-regularize-o-transporte-de-alunos-com-deficiencia\/","title":{"rendered":"MPRJ pede na Justi\u00e7a que Petr\u00f3polis regularize o transporte de alunos com defici\u00eancia"},"content":{"rendered":"\n<p>A 2\u00aa Promotoria de Justi\u00e7a de Tutela Coletiva do N\u00facleo Petr\u00f3polis ingressou, nesta ter\u00e7a-feira (05\/11), junto \u00e0 Vara da Inf\u00e2ncia, Juventude e Idoso em Petr\u00f3polis, com um pedido de concess\u00e3o de tutela provis\u00f3ria de urg\u00eancia para que o Munic\u00edpio de Petr\u00f3polis regularize, em at\u00e9 24 horas, o transporte de estudantes com defici\u00eancia na cidade. Segundo diversas den\u00fancias que chegaram ao Minist\u00e9rio P\u00fablico do Estado do Rio de Janeiro (MPRJ), a Prefeitura n\u00e3o vem repassando os recursos do programa municipal destinado \u00e0 educa\u00e7\u00e3o (PGDREM) \u00e0s escolas p\u00fablicas, o que fez com que os motoristas dos \u00f4nibus escolares paralisassem seus servi\u00e7os.<\/p>\n\n\n\n<p>Na peti\u00e7\u00e3o encaminhada ao Ju\u00edzo, a Promotoria destaca que vem recebendo desde segunda-feira (04\/11), diversas reclama\u00e7\u00f5es sobre a paralisa\u00e7\u00e3o do servi\u00e7o de transporte escolar para os estudantes com defici\u00eancia na rede municipal de ensino. Com isso, os alunos est\u00e3o sendo impedidos de ir \u00e0s aulas.<\/p>\n\n\n\n<p>Uma vereadora do munic\u00edpio relatou ao MPRJ que cerca de 50 motoristas est\u00e3o h\u00e1 mais de 60 dias com os sal\u00e1rios atrasados, o que seria a raz\u00e3o da paralisa\u00e7\u00e3o do servi\u00e7o. Ainda de acordo com as not\u00edcias recebidas, a Prefeitura teria deixado de repassar \u00e0s escolas os valores referentes ao PGDREM, verba utilizada para custear o transporte dos alunos com defici\u00eancia. Al\u00e9m disso, n\u00e3o haveria mais fundos para abastecer os ve\u00edculos, ou realizar sua manuten\u00e7\u00e3o.<\/p>\n\n\n\n<p>Desta forma, requer a 2\u00aa Promotoria de Justi\u00e7a de Tutela Coletiva do N\u00facleo Petr\u00f3polis que o Munic\u00edpio efetue imediatamente o repasse do PGDREM para as unidades escolares do sistema municipal de ensino, determinando \u00e0s mesmas que fa\u00e7am os pagamentos necess\u00e1rios ao restabelecimento do servi\u00e7o de transporte dos estudantes com defici\u00eancia, em 24 horas, ou realizando o pagamento do servi\u00e7o diretamente aos prestadores, no mesmo prazo, tomando todas as demais provid\u00eancias necess\u00e1rias para o completo restabelecimento do servi\u00e7o de transporte aos estudantes com defici\u00eancia em 24 horas.<\/p>\n","protected":false},"excerpt":{"rendered":"<p>A 2\u00aa Promotoria de Justi\u00e7a de Tutela Coletiva do N\u00facleo Petr\u00f3polis ingressou, nesta ter\u00e7a-feira (05\/11),<\/p>\n","protected":false},"author":1,"featured_media":10324,"comment_status":"closed","ping_status":"open","sticky":false,"template":"","format":"standard","meta":{"spay_email":"","footnotes":"","jetpack_publicize_message":""},"categories":[24],"tags":[],"jetpack_featured_media_url":"https:\/\/i0.wp.com\/jornaldeitaipava.com.br\/wp-content\/uploads\/2021\/02\/onibus-escolares.jpg?fit=955%2C517&ssl=1","jetpack_publicize_connections":[],"jetpack_sharing_enabled":true,"jetpack_likes_enabled":true,"jetpack-related-posts":[],"_links":{"self":[{"href":"https:\/\/jornaldeitaipava.com.br\/index.php\/wp-json\/wp\/v2\/posts\/42667"}],"collection":[{"href":"https:\/\/jornaldeitaipava.com.br\/index.php\/wp-json\/wp\/v2\/posts"}],"about":[{"href":"https:\/\/jornaldeitaipava.com.br\/index.php\/wp-json\/wp\/v2\/types\/post"}],"author":[{"embeddable":true,"href":"https:\/\/jornaldeitaipava.com.br\/index.php\/wp-json\/wp\/v2\/users\/1"}],"replies":[{"embeddable":true,"href":"https:\/\/jornaldeitaipava.com.br\/index.php\/wp-json\/wp\/v2\/comments?post=42667"}],"version-history":[{"count":1,"href":"https:\/\/jornaldeitaipava.com.br\/index.php\/wp-json\/wp\/v2\/posts\/42667\/revisions"}],"predecessor-version":[{"id":42668,"href":"https:\/\/jornaldeitaipava.com.br\/index.php\/wp-json\/wp\/v2\/posts\/42667\/revisions\/42668"}],"wp:featuredmedia":[{"embeddable":true,"href":"https:\/\/jornaldeitaipava.com.br\/index.php\/wp-json\/wp\/v2\/media\/10324"}],"wp:attachment":[{"href":"https:\/\/jornaldeitaipava.com.br\/index.php\/wp-json\/wp\/v2\/media?parent=42667"}],"wp:term":[{"taxonomy":"category","embeddable":true,"href":"https:\/\/jornaldeitaipava.com.br\/index.php\/wp-json\/wp\/v2\/categories?post=42667"},{"taxonomy":"post_tag","embeddable":true,"href":"https:\/\/jornaldeitaipava.com.br\/index.php\/wp-json\/wp\/v2\/tags?post=42667"}],"curies":[{"name":"wp","href":"https:\/\/api.w.org\/{rel}","templated":true}]}}